{"id":14372,"date":"2021-11-17T10:35:07","date_gmt":"2021-11-17T15:35:07","guid":{"rendered":"https:\/\/www.proyectounion.org\/adopta-un-cepillado-2\/"},"modified":"2021-12-16T10:05:23","modified_gmt":"2021-12-16T15:05:23","slug":"adopt-a-brush","status":"publish","type":"post","link":"https:\/\/www.proyectounion.org\/en\/adopt-a-brush\/","title":{"rendered":"ADOPT A BRUSH"},"content":{"rendered":"[vc_row type=&#8221;in_container&#8221; full_screen_row_position=&#8221;middle&#8221; scene_position=&#8221;center&#8221; text_color=&#8221;dark&#8221; text_align=&#8221;left&#8221; overlay_strength=&#8221;0.3&#8243; shape_divider_position=&#8221;bottom&#8221; bg_image_animation=&#8221;none&#8221;][vc_column column_padding=&#8221;no-extra-padding&#8221; column_padding_position=&#8221;all&#8221; background_color_opacity=&#8221;1&#8243; background_hover_color_opacity=&#8221;1&#8243; column_link_target=&#8221;_self&#8221; column_shadow=&#8221;none&#8221; column_border_radius=&#8221;none&#8221; width=&#8221;1\/3&#8243; tablet_width_inherit=&#8221;default&#8221; tablet_text_alignment=&#8221;default&#8221; phone_text_alignment=&#8221;default&#8221; column_border_width=&#8221;none&#8221; column_border_style=&#8221;solid&#8221; bg_image_animation=&#8221;none&#8221;][image_with_animation image_url=&#8221;14125&#8243; alignment=&#8221;center&#8221; animation=&#8221;Fade In&#8221; img_link_large=&#8221;yes&#8221; border_radius=&#8221;none&#8221; box_shadow=&#8221;none&#8221; max_width=&#8221;100%&#8221;][divider line_type=&#8221;No Line&#8221; custom_height=&#8221;20&#8243;][image_with_animation image_url=&#8221;14128&#8243; alignment=&#8221;center&#8221; animation=&#8221;Fade In&#8221; img_link_large=&#8221;yes&#8221; border_radius=&#8221;none&#8221; box_shadow=&#8221;none&#8221; max_width=&#8221;100%&#8221;][divider line_type=&#8221;No Line&#8221; custom_height=&#8221;20&#8243;][image_with_animation image_url=&#8221;14133&#8243; alignment=&#8221;center&#8221; animation=&#8221;Fade In&#8221; img_link_large=&#8221;yes&#8221; border_radius=&#8221;none&#8221; box_shadow=&#8221;none&#8221; max_width=&#8221;100%&#8221;][\/vc_column][vc_column column_padding=&#8221;no-extra-padding&#8221; column_padding_position=&#8221;all&#8221; background_color_opacity=&#8221;1&#8243; background_hover_color_opacity=&#8221;1&#8243; column_link_target=&#8221;_self&#8221; column_shadow=&#8221;none&#8221; column_border_radius=&#8221;none&#8221; width=&#8221;2\/3&#8243; tablet_width_inherit=&#8221;default&#8221; tablet_text_alignment=&#8221;default&#8221; phone_text_alignment=&#8221;default&#8221; column_border_width=&#8221;none&#8221; column_border_style=&#8221;solid&#8221; bg_image_animation=&#8221;none&#8221;][vc_column_text]\n<p style=\"text-align: justify;\">Congratulations to our Nursing Assistant, Jennifer Vargas, who was considered the best godmother of the \u201cAdopt a Brush\u201d plan at the Santa Rita de Cascia Home of the Fundaci\u00f3n Proyecto Uni\u00f3n.<\/p>\n<p style=\"text-align: justify;\">Jennifer dedicated herself daily to improving the oral health of young Camilo, following the instructions of the dentistry staff of Universidad El Bosque, achieving excellent results and today she received an incentive of $100,000 pesos from the teachers and students who practice dentistry in our home.<\/p>\n<p style=\"text-align: justify;\">We also want to highlight the work of our teachers Cristina and Mar\u00eda Fernanda, who joined the campaign, determined to contribute to the well-being of the children and also received recognition for their work.<\/p>\n<p style=\"text-align: justify;\">Thank you to the members of El Bosque University for leading this type of campaigns that encourage the flame of volunteers that we carry within us, as well as the possibility of ensuring the oral health of our children.<\/p>\n<p style=\"text-align: justify;\">This campaign will run through December and January, about 50 children need you, so you\u2019re still in time to adopt a brush, giving some of your time to the service of others.<\/p>\n<p style=\"text-align: justify;\">A los integrantes de la Universidad El Bosque gracias por liderar este tipo de campa\u00f1as que incentivan la llama de voluntario que llevamos dentro, as\u00ed como la posibilidad de velar por la salud oral de nuestros ni\u00f1os.<\/p>\n<p style=\"text-align: justify;\">Esta campa\u00f1a seguir\u00e1 todo el mes de diciembre y enero, cerca de 50 ni\u00f1os necesitan de ti, as\u00ed que a\u00fan est\u00e1s a tiempo de adoptar un cepillado, aportando algo de tu tiempo al servicio de los dem\u00e1s.<\/p>\n[\/vc_column_text][\/vc_column][\/vc_row]\n","protected":false},"excerpt":{"rendered":"<p>[vc_row type=&#8221;in_container&#8221; full_screen_row_position=&#8221;middle&#8221; scene_position=&#8221;center&#8221; text_color=&#8221;dark&#8221; text_align=&#8221;left&#8221; overlay_strength=&#8221;0.3&#8243; shape_divider_position=&#8221;bottom&#8221; bg_image_animation=&#8221;none&#8221;][vc_column column_padding=&#8221;no-extra-padding&#8221; column_padding_position=&#8221;all&#8221; background_color_opacity=&#8221;1&#8243; background_hover_color_opacity=&#8221;1&#8243; column_link_target=&#8221;_self&#8221; column_shadow=&#8221;none&#8221; column_border_radius=&#8221;none&#8221; width=&#8221;1\/3&#8243; tablet_width_inherit=&#8221;default&#8221; tablet_text_alignment=&#8221;default&#8221; phone_text_alignment=&#8221;default&#8221; column_border_width=&#8221;none&#8221; column_border_style=&#8221;solid&#8221; bg_image_animation=&#8221;none&#8221;][image_with_animation image_url=&#8221;14125&#8243; alignment=&#8221;center&#8221; animation=&#8221;Fade In&#8221; img_link_large=&#8221;yes&#8221; border_radius=&#8221;none&#8221; box_shadow=&#8221;none&#8221;&#8230;<\/p>\n","protected":false},"author":33,"featured_media":14126,"comment_status":"closed","ping_status":"closed","sticky":false,"template":"","format":"standard","meta":{"_jetpack_memberships_contains_paid_content":false,"footnotes":""},"categories":[17],"tags":[],"class_list":{"0":"post-14372","1":"post","2":"type-post","3":"status-publish","4":"format-standard","5":"has-post-thumbnail","7":"category-uncategorized"},"yoast_head":"<!-- This site is optimized with the Yoast SEO plugin v27.4 - https:\/\/yoast.com\/product\/yoast-seo-wordpress\/ -->\n<title>ADOPT A BRUSH - Fundaci\u00f3n Proyecto Uni\u00f3n<\/title>\n<meta name=\"description\" content=\"Fundaci\u00f3n Proyecto Uni\u00f3n asiste integralmente a ni\u00f1os con enfermedades de dificil manejo y Abuelitos sin hogar. Un lugar donde la Vida recobra la Esperanza.\" \/>\n<meta name=\"robots\" content=\"index, follow, max-snippet:-1, max-image-preview:large, max-video-preview:-1\" \/>\n<link rel=\"canonical\" href=\"https:\/\/www.proyectounion.org\/en\/adopt-a-brush\/\" \/>\n<meta property=\"og:locale\" content=\"en_US\" \/>\n<meta property=\"og:type\" content=\"article\" \/>\n<meta property=\"og:title\" content=\"ADOPT A BRUSH - Fundaci\u00f3n Proyecto Uni\u00f3n\" \/>\n<meta property=\"og:description\" content=\"Fundaci\u00f3n Proyecto Uni\u00f3n asiste integralmente a ni\u00f1os con enfermedades de dificil manejo y Abuelitos sin hogar. Un lugar donde la Vida recobra la Esperanza.\" \/>\n<meta property=\"og:url\" content=\"https:\/\/www.proyectounion.org\/en\/adopt-a-brush\/\" \/>\n<meta property=\"og:site_name\" content=\"Fundaci\u00f3n Proyecto Uni\u00f3n\" \/>\n<meta property=\"article:published_time\" content=\"2021-11-17T15:35:07+00:00\" \/>\n<meta property=\"article:modified_time\" content=\"2021-12-16T15:05:23+00:00\" \/>\n<meta property=\"og:image\" content=\"https:\/\/www.proyectounion.org\/wp-content\/uploads\/2021\/11\/ADOPTA-UN-CEPILLADO_00.jpg\" \/>\n\t<meta property=\"og:image:width\" content=\"400\" \/>\n\t<meta property=\"og:image:height\" content=\"263\" \/>\n\t<meta property=\"og:image:type\" content=\"image\/jpeg\" \/>\n<meta name=\"author\" content=\"Maryann Reyes\" \/>\n<meta name=\"twitter:label1\" content=\"Written by\" \/>\n\t<meta name=\"twitter:data1\" content=\"Maryann Reyes\" \/>\n\t<meta name=\"twitter:label2\" content=\"Est. reading time\" \/>\n\t<meta name=\"twitter:data2\" content=\"2 minutes\" \/>\n<script type=\"application\/ld+json\" class=\"yoast-schema-graph\">{\"@context\":\"https:\\\/\\\/schema.org\",\"@graph\":[{\"@type\":\"Article\",\"@id\":\"https:\\\/\\\/www.proyectounion.org\\\/en\\\/adopt-a-brush\\\/#article\",\"isPartOf\":{\"@id\":\"https:\\\/\\\/www.proyectounion.org\\\/en\\\/adopt-a-brush\\\/\"},\"author\":{\"name\":\"Maryann Reyes\",\"@id\":\"https:\\\/\\\/www.proyectounion.org\\\/#\\\/schema\\\/person\\\/f54d4262058910ca5d6322c847318b9f\"},\"headline\":\"ADOPT A BRUSH\",\"datePublished\":\"2021-11-17T15:35:07+00:00\",\"dateModified\":\"2021-12-16T15:05:23+00:00\",\"mainEntityOfPage\":{\"@id\":\"https:\\\/\\\/www.proyectounion.org\\\/en\\\/adopt-a-brush\\\/\"},\"wordCount\":492,\"image\":{\"@id\":\"https:\\\/\\\/www.proyectounion.org\\\/en\\\/adopt-a-brush\\\/#primaryimage\"},\"thumbnailUrl\":\"https:\\\/\\\/www.proyectounion.org\\\/wp-content\\\/uploads\\\/2021\\\/11\\\/ADOPTA-UN-CEPILLADO_00.jpg\",\"articleSection\":[\"Historias Inspiradoras\"],\"inLanguage\":\"en-US\"},{\"@type\":\"WebPage\",\"@id\":\"https:\\\/\\\/www.proyectounion.org\\\/en\\\/adopt-a-brush\\\/\",\"url\":\"https:\\\/\\\/www.proyectounion.org\\\/en\\\/adopt-a-brush\\\/\",\"name\":\"ADOPT A BRUSH - Fundaci\u00f3n Proyecto Uni\u00f3n\",\"isPartOf\":{\"@id\":\"https:\\\/\\\/www.proyectounion.org\\\/#website\"},\"primaryImageOfPage\":{\"@id\":\"https:\\\/\\\/www.proyectounion.org\\\/en\\\/adopt-a-brush\\\/#primaryimage\"},\"image\":{\"@id\":\"https:\\\/\\\/www.proyectounion.org\\\/en\\\/adopt-a-brush\\\/#primaryimage\"},\"thumbnailUrl\":\"https:\\\/\\\/www.proyectounion.org\\\/wp-content\\\/uploads\\\/2021\\\/11\\\/ADOPTA-UN-CEPILLADO_00.jpg\",\"datePublished\":\"2021-11-17T15:35:07+00:00\",\"dateModified\":\"2021-12-16T15:05:23+00:00\",\"author\":{\"@id\":\"https:\\\/\\\/www.proyectounion.org\\\/#\\\/schema\\\/person\\\/f54d4262058910ca5d6322c847318b9f\"},\"description\":\"Fundaci\u00f3n Proyecto Uni\u00f3n asiste integralmente a ni\u00f1os con enfermedades de dificil manejo y Abuelitos sin hogar. Un lugar donde la Vida recobra la Esperanza.\",\"breadcrumb\":{\"@id\":\"https:\\\/\\\/www.proyectounion.org\\\/en\\\/adopt-a-brush\\\/#breadcrumb\"},\"inLanguage\":\"en-US\",\"potentialAction\":[{\"@type\":\"ReadAction\",\"target\":[\"https:\\\/\\\/www.proyectounion.org\\\/en\\\/adopt-a-brush\\\/\"]}]},{\"@type\":\"ImageObject\",\"inLanguage\":\"en-US\",\"@id\":\"https:\\\/\\\/www.proyectounion.org\\\/en\\\/adopt-a-brush\\\/#primaryimage\",\"url\":\"https:\\\/\\\/www.proyectounion.org\\\/wp-content\\\/uploads\\\/2021\\\/11\\\/ADOPTA-UN-CEPILLADO_00.jpg\",\"contentUrl\":\"https:\\\/\\\/www.proyectounion.org\\\/wp-content\\\/uploads\\\/2021\\\/11\\\/ADOPTA-UN-CEPILLADO_00.jpg\",\"width\":400,\"height\":263},{\"@type\":\"BreadcrumbList\",\"@id\":\"https:\\\/\\\/www.proyectounion.org\\\/en\\\/adopt-a-brush\\\/#breadcrumb\",\"itemListElement\":[{\"@type\":\"ListItem\",\"position\":1,\"name\":\"Home\",\"item\":\"https:\\\/\\\/www.proyectounion.org\\\/en\\\/\"},{\"@type\":\"ListItem\",\"position\":2,\"name\":\"ADOPT A BRUSH\"}]},{\"@type\":\"WebSite\",\"@id\":\"https:\\\/\\\/www.proyectounion.org\\\/#website\",\"url\":\"https:\\\/\\\/www.proyectounion.org\\\/\",\"name\":\"Fundaci\u00f3n Proyecto Uni\u00f3n\",\"description\":\"Un lugar donde la vida recobra la esperanza\",\"potentialAction\":[{\"@type\":\"SearchAction\",\"target\":{\"@type\":\"EntryPoint\",\"urlTemplate\":\"https:\\\/\\\/www.proyectounion.org\\\/?s={search_term_string}\"},\"query-input\":{\"@type\":\"PropertyValueSpecification\",\"valueRequired\":true,\"valueName\":\"search_term_string\"}}],\"inLanguage\":\"en-US\"},{\"@type\":\"Person\",\"@id\":\"https:\\\/\\\/www.proyectounion.org\\\/#\\\/schema\\\/person\\\/f54d4262058910ca5d6322c847318b9f\",\"name\":\"Maryann Reyes\",\"image\":{\"@type\":\"ImageObject\",\"inLanguage\":\"en-US\",\"@id\":\"https:\\\/\\\/secure.gravatar.com\\\/avatar\\\/d6b9c019b66dbd8c9f28f6d8414028bd7da484fc057d17b3d0b77c4caf3e710f?s=96&d=mm&r=g\",\"url\":\"https:\\\/\\\/secure.gravatar.com\\\/avatar\\\/d6b9c019b66dbd8c9f28f6d8414028bd7da484fc057d17b3d0b77c4caf3e710f?s=96&d=mm&r=g\",\"contentUrl\":\"https:\\\/\\\/secure.gravatar.com\\\/avatar\\\/d6b9c019b66dbd8c9f28f6d8414028bd7da484fc057d17b3d0b77c4caf3e710f?s=96&d=mm&r=g\",\"caption\":\"Maryann Reyes\"},\"url\":\"https:\\\/\\\/www.proyectounion.org\\\/en\\\/author\\\/maryann\\\/\"}]}<\/script>\n<!-- \/ Yoast SEO plugin. -->","yoast_head_json":{"title":"ADOPT A BRUSH - Fundaci\u00f3n Proyecto Uni\u00f3n","description":"Fundaci\u00f3n Proyecto Uni\u00f3n asiste integralmente a ni\u00f1os con enfermedades de dificil manejo y Abuelitos sin hogar. Un lugar donde la Vida recobra la Esperanza.","robots":{"index":"index","follow":"follow","max-snippet":"max-snippet:-1","max-image-preview":"max-image-preview:large","max-video-preview":"max-video-preview:-1"},"canonical":"https:\/\/www.proyectounion.org\/en\/adopt-a-brush\/","og_locale":"en_US","og_type":"article","og_title":"ADOPT A BRUSH - Fundaci\u00f3n Proyecto Uni\u00f3n","og_description":"Fundaci\u00f3n Proyecto Uni\u00f3n asiste integralmente a ni\u00f1os con enfermedades de dificil manejo y Abuelitos sin hogar. Un lugar donde la Vida recobra la Esperanza.","og_url":"https:\/\/www.proyectounion.org\/en\/adopt-a-brush\/","og_site_name":"Fundaci\u00f3n Proyecto Uni\u00f3n","article_published_time":"2021-11-17T15:35:07+00:00","article_modified_time":"2021-12-16T15:05:23+00:00","og_image":[{"width":400,"height":263,"url":"https:\/\/www.proyectounion.org\/wp-content\/uploads\/2021\/11\/ADOPTA-UN-CEPILLADO_00.jpg","type":"image\/jpeg"}],"author":"Maryann Reyes","twitter_misc":{"Written by":"Maryann Reyes","Est. reading time":"2 minutes"},"schema":{"@context":"https:\/\/schema.org","@graph":[{"@type":"Article","@id":"https:\/\/www.proyectounion.org\/en\/adopt-a-brush\/#article","isPartOf":{"@id":"https:\/\/www.proyectounion.org\/en\/adopt-a-brush\/"},"author":{"name":"Maryann Reyes","@id":"https:\/\/www.proyectounion.org\/#\/schema\/person\/f54d4262058910ca5d6322c847318b9f"},"headline":"ADOPT A BRUSH","datePublished":"2021-11-17T15:35:07+00:00","dateModified":"2021-12-16T15:05:23+00:00","mainEntityOfPage":{"@id":"https:\/\/www.proyectounion.org\/en\/adopt-a-brush\/"},"wordCount":492,"image":{"@id":"https:\/\/www.proyectounion.org\/en\/adopt-a-brush\/#primaryimage"},"thumbnailUrl":"https:\/\/www.proyectounion.org\/wp-content\/uploads\/2021\/11\/ADOPTA-UN-CEPILLADO_00.jpg","articleSection":["Historias Inspiradoras"],"inLanguage":"en-US"},{"@type":"WebPage","@id":"https:\/\/www.proyectounion.org\/en\/adopt-a-brush\/","url":"https:\/\/www.proyectounion.org\/en\/adopt-a-brush\/","name":"ADOPT A BRUSH - Fundaci\u00f3n Proyecto Uni\u00f3n","isPartOf":{"@id":"https:\/\/www.proyectounion.org\/#website"},"primaryImageOfPage":{"@id":"https:\/\/www.proyectounion.org\/en\/adopt-a-brush\/#primaryimage"},"image":{"@id":"https:\/\/www.proyectounion.org\/en\/adopt-a-brush\/#primaryimage"},"thumbnailUrl":"https:\/\/www.proyectounion.org\/wp-content\/uploads\/2021\/11\/ADOPTA-UN-CEPILLADO_00.jpg","datePublished":"2021-11-17T15:35:07+00:00","dateModified":"2021-12-16T15:05:23+00:00","author":{"@id":"https:\/\/www.proyectounion.org\/#\/schema\/person\/f54d4262058910ca5d6322c847318b9f"},"description":"Fundaci\u00f3n Proyecto Uni\u00f3n asiste integralmente a ni\u00f1os con enfermedades de dificil manejo y Abuelitos sin hogar. Un lugar donde la Vida recobra la Esperanza.","breadcrumb":{"@id":"https:\/\/www.proyectounion.org\/en\/adopt-a-brush\/#breadcrumb"},"inLanguage":"en-US","potentialAction":[{"@type":"ReadAction","target":["https:\/\/www.proyectounion.org\/en\/adopt-a-brush\/"]}]},{"@type":"ImageObject","inLanguage":"en-US","@id":"https:\/\/www.proyectounion.org\/en\/adopt-a-brush\/#primaryimage","url":"https:\/\/www.proyectounion.org\/wp-content\/uploads\/2021\/11\/ADOPTA-UN-CEPILLADO_00.jpg","contentUrl":"https:\/\/www.proyectounion.org\/wp-content\/uploads\/2021\/11\/ADOPTA-UN-CEPILLADO_00.jpg","width":400,"height":263},{"@type":"BreadcrumbList","@id":"https:\/\/www.proyectounion.org\/en\/adopt-a-brush\/#breadcrumb","itemListElement":[{"@type":"ListItem","position":1,"name":"Home","item":"https:\/\/www.proyectounion.org\/en\/"},{"@type":"ListItem","position":2,"name":"ADOPT A BRUSH"}]},{"@type":"WebSite","@id":"https:\/\/www.proyectounion.org\/#website","url":"https:\/\/www.proyectounion.org\/","name":"Fundaci\u00f3n Proyecto Uni\u00f3n","description":"Un lugar donde la vida recobra la esperanza","potentialAction":[{"@type":"SearchAction","target":{"@type":"EntryPoint","urlTemplate":"https:\/\/www.proyectounion.org\/?s={search_term_string}"},"query-input":{"@type":"PropertyValueSpecification","valueRequired":true,"valueName":"search_term_string"}}],"inLanguage":"en-US"},{"@type":"Person","@id":"https:\/\/www.proyectounion.org\/#\/schema\/person\/f54d4262058910ca5d6322c847318b9f","name":"Maryann Reyes","image":{"@type":"ImageObject","inLanguage":"en-US","@id":"https:\/\/secure.gravatar.com\/avatar\/d6b9c019b66dbd8c9f28f6d8414028bd7da484fc057d17b3d0b77c4caf3e710f?s=96&d=mm&r=g","url":"https:\/\/secure.gravatar.com\/avatar\/d6b9c019b66dbd8c9f28f6d8414028bd7da484fc057d17b3d0b77c4caf3e710f?s=96&d=mm&r=g","contentUrl":"https:\/\/secure.gravatar.com\/avatar\/d6b9c019b66dbd8c9f28f6d8414028bd7da484fc057d17b3d0b77c4caf3e710f?s=96&d=mm&r=g","caption":"Maryann Reyes"},"url":"https:\/\/www.proyectounion.org\/en\/author\/maryann\/"}]}},"jetpack_featured_media_url":"https:\/\/www.proyectounion.org\/wp-content\/uploads\/2021\/11\/ADOPTA-UN-CEPILLADO_00.jpg","jetpack_sharing_enabled":true,"_links":{"self":[{"href":"https:\/\/www.proyectounion.org\/en\/wp-json\/wp\/v2\/posts\/14372","targetHints":{"allow":["GET"]}}],"collection":[{"href":"https:\/\/www.proyectounion.org\/en\/wp-json\/wp\/v2\/posts"}],"about":[{"href":"https:\/\/www.proyectounion.org\/en\/wp-json\/wp\/v2\/types\/post"}],"author":[{"embeddable":true,"href":"https:\/\/www.proyectounion.org\/en\/wp-json\/wp\/v2\/users\/33"}],"replies":[{"embeddable":true,"href":"https:\/\/www.proyectounion.org\/en\/wp-json\/wp\/v2\/comments?post=14372"}],"version-history":[{"count":2,"href":"https:\/\/www.proyectounion.org\/en\/wp-json\/wp\/v2\/posts\/14372\/revisions"}],"predecessor-version":[{"id":14374,"href":"https:\/\/www.proyectounion.org\/en\/wp-json\/wp\/v2\/posts\/14372\/revisions\/14374"}],"wp:featuredmedia":[{"embeddable":true,"href":"https:\/\/www.proyectounion.org\/en\/wp-json\/wp\/v2\/media\/14126"}],"wp:attachment":[{"href":"https:\/\/www.proyectounion.org\/en\/wp-json\/wp\/v2\/media?parent=14372"}],"wp:term":[{"taxonomy":"category","embeddable":true,"href":"https:\/\/www.proyectounion.org\/en\/wp-json\/wp\/v2\/categories?post=14372"},{"taxonomy":"post_tag","embeddable":true,"href":"https:\/\/www.proyectounion.org\/en\/wp-json\/wp\/v2\/tags?post=14372"}],"curies":[{"name":"wp","href":"https:\/\/api.w.org\/{rel}","templated":true}]}}