{"id":13638,"date":"2021-09-01T10:48:05","date_gmt":"2021-09-01T15:48:05","guid":{"rendered":"https:\/\/www.proyectounion.org\/inauguramos-nuestro-bosque-de-la-solidaridad\/"},"modified":"2021-09-17T08:29:44","modified_gmt":"2021-09-17T13:29:44","slug":"we-inaugurate-our-solidarity-forest","status":"publish","type":"post","link":"https:\/\/www.proyectounion.org\/en\/we-inaugurate-our-solidarity-forest\/","title":{"rendered":"WE INAUGURATE OUR SOLIDARITY FOREST"},"content":{"rendered":"[vc_row type=&#8221;in_container&#8221; full_screen_row_position=&#8221;middle&#8221; scene_position=&#8221;center&#8221; text_color=&#8221;dark&#8221; text_align=&#8221;left&#8221; overlay_strength=&#8221;0.3&#8243; shape_divider_position=&#8221;bottom&#8221; bg_image_animation=&#8221;none&#8221;][vc_column column_padding=&#8221;no-extra-padding&#8221; column_padding_position=&#8221;all&#8221; background_color_opacity=&#8221;1&#8243; background_hover_color_opacity=&#8221;1&#8243; column_link_target=&#8221;_self&#8221; column_shadow=&#8221;none&#8221; column_border_radius=&#8221;none&#8221; width=&#8221;1\/3&#8243; tablet_width_inherit=&#8221;default&#8221; tablet_text_alignment=&#8221;default&#8221; phone_text_alignment=&#8221;default&#8221; column_border_width=&#8221;none&#8221; column_border_style=&#8221;solid&#8221; bg_image_animation=&#8221;none&#8221;][image_with_animation image_url=&#8221;13504&#8243; alignment=&#8221;center&#8221; animation=&#8221;Fade In&#8221; img_link_large=&#8221;yes&#8221; border_radius=&#8221;none&#8221; box_shadow=&#8221;none&#8221; max_width=&#8221;100%&#8221;][divider line_type=&#8221;No Line&#8221; custom_height=&#8221;20&#8243;][vc_gallery type=&#8221;image_grid&#8221; images=&#8221;13507,13498,13495,13501&#8243; layout=&#8221;4&#8243; item_spacing=&#8221;default&#8221; gallery_style=&#8221;7&#8243; load_in_animation=&#8221;none&#8221;][\/vc_column][vc_column column_padding=&#8221;no-extra-padding&#8221; column_padding_position=&#8221;all&#8221; background_color_opacity=&#8221;1&#8243; background_hover_color_opacity=&#8221;1&#8243; column_link_target=&#8221;_self&#8221; column_shadow=&#8221;none&#8221; column_border_radius=&#8221;none&#8221; width=&#8221;2\/3&#8243; tablet_width_inherit=&#8221;default&#8221; tablet_text_alignment=&#8221;default&#8221; phone_text_alignment=&#8221;default&#8221; column_border_width=&#8221;none&#8221; column_border_style=&#8221;solid&#8221; bg_image_animation=&#8221;none&#8221;][vc_column_text]\n<p style=\"text-align: justify;\">For 20 years we have understood how good actions multiply, but above all how dreams can be fulfilled when there is a special purpose that will transform many lives.<\/p>\n<p style=\"text-align: justify;\">Thanks to the solidarity of many hearts we have been able to advance in the different stages of our dreams in construction and materialize them in our headquarters in Tocancip\u00e1, where we already have Casa de los \u00c1ngeles and we are currently building the second and third stages of the Amparo de \u00c1ngeles, a home that will care for more than 100 children with difficult to manage illnesses.<\/p>\n<p style=\"text-align: justify;\">As a demonstration of gratitude to our angel donors and allies we have decided to make a special tribute in the mural &#8220;Forest of Solidarity&#8221; of the Foundation Proyecto Uni\u00f3n, located at the headquarters of Casa de los Angeles, this same forest that is part of the campaign &#8220;1 million trees for our country&#8221; that leads the Ministry of Environment in the Natural Reserve Ecoparque Sabana del Parque Jaime Duque through the planting of trees and tree maintenance.<\/p>\n<p style=\"text-align: justify;\">The inauguration of the &#8220;Forest of Solidarity&#8221; took place on August 30th and was attended by Dr. Fernando Quintero, General Director of the Proyecto Uni\u00f3n Foundation, collaborators, beneficiaries and our special guests, the angel donors \u00c1lvaro Correa and Mar\u00eda del Carmen Rivas, who for 7 years have given their support to our mission, becoming an example of the goodness of God, who placed them in our path not only as agents of change, but as witnesses of a life transformed in love.<\/p>\n<p style=\"text-align: justify;\">Each tree that makes up our Forest is an offering to the preservation of life and is planted on behalf of those families, parents, children, grandchildren and friends who once believed that their generous contribution could change the lives of many children, families and elderly people living in vulnerable conditions, thus becoming vehicles of hope to transform realities.<\/p>\n<p style=\"text-align: justify;\">Solidarity, added to the will to help and the desire to transform lives, on the part of our benefactors, impulse us every day to continue dreaming. This is why we do not stop, on the contrary, we move forward ever more forcefully, sowing seeds of hope in our \u201cForest of Solidarity\u201d, because we believe that together, with perseverance, we will soon reach them.<\/p>\n<p style=\"text-align: justify;\"><strong>Thank you angel donors because they are the cause of our joy and the treasure of our mission!<\/strong><\/p>\n[\/vc_column_text][\/vc_column][\/vc_row]\n","protected":false},"excerpt":{"rendered":"<p>[vc_row type=&#8221;in_container&#8221; full_screen_row_position=&#8221;middle&#8221; scene_position=&#8221;center&#8221; text_color=&#8221;dark&#8221; text_align=&#8221;left&#8221; overlay_strength=&#8221;0.3&#8243; shape_divider_position=&#8221;bottom&#8221; bg_image_animation=&#8221;none&#8221;][vc_column column_padding=&#8221;no-extra-padding&#8221; column_padding_position=&#8221;all&#8221; background_color_opacity=&#8221;1&#8243; background_hover_color_opacity=&#8221;1&#8243; column_link_target=&#8221;_self&#8221; column_shadow=&#8221;none&#8221; column_border_radius=&#8221;none&#8221; width=&#8221;1\/3&#8243; tablet_width_inherit=&#8221;default&#8221; tablet_text_alignment=&#8221;default&#8221; phone_text_alignment=&#8221;default&#8221; column_border_width=&#8221;none&#8221; column_border_style=&#8221;solid&#8221; bg_image_animation=&#8221;none&#8221;][image_with_animation image_url=&#8221;13504&#8243; alignment=&#8221;center&#8221; animation=&#8221;Fade In&#8221; img_link_large=&#8221;yes&#8221; border_radius=&#8221;none&#8221; box_shadow=&#8221;none&#8221;&#8230;<\/p>\n","protected":false},"author":33,"featured_media":13505,"comment_status":"closed","ping_status":"closed","sticky":false,"template":"","format":"standard","meta":{"_jetpack_memberships_contains_paid_content":false,"footnotes":""},"categories":[17],"tags":[],"class_list":{"0":"post-13638","1":"post","2":"type-post","3":"status-publish","4":"format-standard","5":"has-post-thumbnail","7":"category-uncategorized"},"yoast_head":"<!-- This site is optimized with the Yoast SEO plugin v27.4 - https:\/\/yoast.com\/product\/yoast-seo-wordpress\/ -->\n<title>WE INAUGURATE OUR SOLIDARITY FOREST - Fundaci\u00f3n Proyecto Uni\u00f3n<\/title>\n<meta name=\"description\" content=\"Fundaci\u00f3n Proyecto Uni\u00f3n asiste integralmente a ni\u00f1os con enfermedades de dificil manejo y Abuelitos sin hogar. Un lugar donde la Vida recobra la Esperanza.\" \/>\n<meta name=\"robots\" content=\"index, follow, max-snippet:-1, max-image-preview:large, max-video-preview:-1\" \/>\n<link rel=\"canonical\" href=\"https:\/\/www.proyectounion.org\/en\/we-inaugurate-our-solidarity-forest\/\" \/>\n<meta property=\"og:locale\" content=\"en_US\" \/>\n<meta property=\"og:type\" content=\"article\" \/>\n<meta property=\"og:title\" content=\"WE INAUGURATE OUR SOLIDARITY FOREST - Fundaci\u00f3n Proyecto Uni\u00f3n\" \/>\n<meta property=\"og:description\" content=\"Fundaci\u00f3n Proyecto Uni\u00f3n asiste integralmente a ni\u00f1os con enfermedades de dificil manejo y Abuelitos sin hogar. Un lugar donde la Vida recobra la Esperanza.\" \/>\n<meta property=\"og:url\" content=\"https:\/\/www.proyectounion.org\/en\/we-inaugurate-our-solidarity-forest\/\" \/>\n<meta property=\"og:site_name\" content=\"Fundaci\u00f3n Proyecto Uni\u00f3n\" \/>\n<meta property=\"article:published_time\" content=\"2021-09-01T15:48:05+00:00\" \/>\n<meta property=\"article:modified_time\" content=\"2021-09-17T13:29:44+00:00\" \/>\n<meta property=\"og:image\" content=\"https:\/\/www.proyectounion.org\/wp-content\/uploads\/2021\/09\/BOSQUE-DE-LA-SOLIDARIDAD_00.jpg\" \/>\n\t<meta property=\"og:image:width\" content=\"400\" \/>\n\t<meta property=\"og:image:height\" content=\"263\" \/>\n\t<meta property=\"og:image:type\" content=\"image\/jpeg\" \/>\n<meta name=\"author\" content=\"Maryann Reyes\" \/>\n<meta name=\"twitter:label1\" content=\"Written by\" \/>\n\t<meta name=\"twitter:data1\" content=\"Maryann Reyes\" \/>\n\t<meta name=\"twitter:label2\" content=\"Est. reading time\" \/>\n\t<meta name=\"twitter:data2\" content=\"3 minutes\" \/>\n<script type=\"application\/ld+json\" class=\"yoast-schema-graph\">{\"@context\":\"https:\\\/\\\/schema.org\",\"@graph\":[{\"@type\":\"Article\",\"@id\":\"https:\\\/\\\/www.proyectounion.org\\\/en\\\/we-inaugurate-our-solidarity-forest\\\/#article\",\"isPartOf\":{\"@id\":\"https:\\\/\\\/www.proyectounion.org\\\/en\\\/we-inaugurate-our-solidarity-forest\\\/\"},\"author\":{\"name\":\"Maryann Reyes\",\"@id\":\"https:\\\/\\\/www.proyectounion.org\\\/#\\\/schema\\\/person\\\/f54d4262058910ca5d6322c847318b9f\"},\"headline\":\"WE INAUGURATE OUR SOLIDARITY FOREST\",\"datePublished\":\"2021-09-01T15:48:05+00:00\",\"dateModified\":\"2021-09-17T13:29:44+00:00\",\"mainEntityOfPage\":{\"@id\":\"https:\\\/\\\/www.proyectounion.org\\\/en\\\/we-inaugurate-our-solidarity-forest\\\/\"},\"wordCount\":590,\"image\":{\"@id\":\"https:\\\/\\\/www.proyectounion.org\\\/en\\\/we-inaugurate-our-solidarity-forest\\\/#primaryimage\"},\"thumbnailUrl\":\"https:\\\/\\\/www.proyectounion.org\\\/wp-content\\\/uploads\\\/2021\\\/09\\\/BOSQUE-DE-LA-SOLIDARIDAD_00.jpg\",\"articleSection\":[\"Historias Inspiradoras\"],\"inLanguage\":\"en-US\"},{\"@type\":\"WebPage\",\"@id\":\"https:\\\/\\\/www.proyectounion.org\\\/en\\\/we-inaugurate-our-solidarity-forest\\\/\",\"url\":\"https:\\\/\\\/www.proyectounion.org\\\/en\\\/we-inaugurate-our-solidarity-forest\\\/\",\"name\":\"WE INAUGURATE OUR SOLIDARITY FOREST - Fundaci\u00f3n Proyecto Uni\u00f3n\",\"isPartOf\":{\"@id\":\"https:\\\/\\\/www.proyectounion.org\\\/#website\"},\"primaryImageOfPage\":{\"@id\":\"https:\\\/\\\/www.proyectounion.org\\\/en\\\/we-inaugurate-our-solidarity-forest\\\/#primaryimage\"},\"image\":{\"@id\":\"https:\\\/\\\/www.proyectounion.org\\\/en\\\/we-inaugurate-our-solidarity-forest\\\/#primaryimage\"},\"thumbnailUrl\":\"https:\\\/\\\/www.proyectounion.org\\\/wp-content\\\/uploads\\\/2021\\\/09\\\/BOSQUE-DE-LA-SOLIDARIDAD_00.jpg\",\"datePublished\":\"2021-09-01T15:48:05+00:00\",\"dateModified\":\"2021-09-17T13:29:44+00:00\",\"author\":{\"@id\":\"https:\\\/\\\/www.proyectounion.org\\\/#\\\/schema\\\/person\\\/f54d4262058910ca5d6322c847318b9f\"},\"description\":\"Fundaci\u00f3n Proyecto Uni\u00f3n asiste integralmente a ni\u00f1os con enfermedades de dificil manejo y Abuelitos sin hogar. Un lugar donde la Vida recobra la Esperanza.\",\"breadcrumb\":{\"@id\":\"https:\\\/\\\/www.proyectounion.org\\\/en\\\/we-inaugurate-our-solidarity-forest\\\/#breadcrumb\"},\"inLanguage\":\"en-US\",\"potentialAction\":[{\"@type\":\"ReadAction\",\"target\":[\"https:\\\/\\\/www.proyectounion.org\\\/en\\\/we-inaugurate-our-solidarity-forest\\\/\"]}]},{\"@type\":\"ImageObject\",\"inLanguage\":\"en-US\",\"@id\":\"https:\\\/\\\/www.proyectounion.org\\\/en\\\/we-inaugurate-our-solidarity-forest\\\/#primaryimage\",\"url\":\"https:\\\/\\\/www.proyectounion.org\\\/wp-content\\\/uploads\\\/2021\\\/09\\\/BOSQUE-DE-LA-SOLIDARIDAD_00.jpg\",\"contentUrl\":\"https:\\\/\\\/www.proyectounion.org\\\/wp-content\\\/uploads\\\/2021\\\/09\\\/BOSQUE-DE-LA-SOLIDARIDAD_00.jpg\",\"width\":400,\"height\":263},{\"@type\":\"BreadcrumbList\",\"@id\":\"https:\\\/\\\/www.proyectounion.org\\\/en\\\/we-inaugurate-our-solidarity-forest\\\/#breadcrumb\",\"itemListElement\":[{\"@type\":\"ListItem\",\"position\":1,\"name\":\"Home\",\"item\":\"https:\\\/\\\/www.proyectounion.org\\\/en\\\/\"},{\"@type\":\"ListItem\",\"position\":2,\"name\":\"WE INAUGURATE OUR SOLIDARITY FOREST\"}]},{\"@type\":\"WebSite\",\"@id\":\"https:\\\/\\\/www.proyectounion.org\\\/#website\",\"url\":\"https:\\\/\\\/www.proyectounion.org\\\/\",\"name\":\"Fundaci\u00f3n Proyecto Uni\u00f3n\",\"description\":\"Un lugar donde la vida recobra la esperanza\",\"potentialAction\":[{\"@type\":\"SearchAction\",\"target\":{\"@type\":\"EntryPoint\",\"urlTemplate\":\"https:\\\/\\\/www.proyectounion.org\\\/?s={search_term_string}\"},\"query-input\":{\"@type\":\"PropertyValueSpecification\",\"valueRequired\":true,\"valueName\":\"search_term_string\"}}],\"inLanguage\":\"en-US\"},{\"@type\":\"Person\",\"@id\":\"https:\\\/\\\/www.proyectounion.org\\\/#\\\/schema\\\/person\\\/f54d4262058910ca5d6322c847318b9f\",\"name\":\"Maryann Reyes\",\"image\":{\"@type\":\"ImageObject\",\"inLanguage\":\"en-US\",\"@id\":\"https:\\\/\\\/secure.gravatar.com\\\/avatar\\\/d6b9c019b66dbd8c9f28f6d8414028bd7da484fc057d17b3d0b77c4caf3e710f?s=96&d=mm&r=g\",\"url\":\"https:\\\/\\\/secure.gravatar.com\\\/avatar\\\/d6b9c019b66dbd8c9f28f6d8414028bd7da484fc057d17b3d0b77c4caf3e710f?s=96&d=mm&r=g\",\"contentUrl\":\"https:\\\/\\\/secure.gravatar.com\\\/avatar\\\/d6b9c019b66dbd8c9f28f6d8414028bd7da484fc057d17b3d0b77c4caf3e710f?s=96&d=mm&r=g\",\"caption\":\"Maryann Reyes\"},\"url\":\"https:\\\/\\\/www.proyectounion.org\\\/en\\\/author\\\/maryann\\\/\"}]}<\/script>\n<!-- \/ Yoast SEO plugin. -->","yoast_head_json":{"title":"WE INAUGURATE OUR SOLIDARITY FOREST - Fundaci\u00f3n Proyecto Uni\u00f3n","description":"Fundaci\u00f3n Proyecto Uni\u00f3n asiste integralmente a ni\u00f1os con enfermedades de dificil manejo y Abuelitos sin hogar. Un lugar donde la Vida recobra la Esperanza.","robots":{"index":"index","follow":"follow","max-snippet":"max-snippet:-1","max-image-preview":"max-image-preview:large","max-video-preview":"max-video-preview:-1"},"canonical":"https:\/\/www.proyectounion.org\/en\/we-inaugurate-our-solidarity-forest\/","og_locale":"en_US","og_type":"article","og_title":"WE INAUGURATE OUR SOLIDARITY FOREST - Fundaci\u00f3n Proyecto Uni\u00f3n","og_description":"Fundaci\u00f3n Proyecto Uni\u00f3n asiste integralmente a ni\u00f1os con enfermedades de dificil manejo y Abuelitos sin hogar. Un lugar donde la Vida recobra la Esperanza.","og_url":"https:\/\/www.proyectounion.org\/en\/we-inaugurate-our-solidarity-forest\/","og_site_name":"Fundaci\u00f3n Proyecto Uni\u00f3n","article_published_time":"2021-09-01T15:48:05+00:00","article_modified_time":"2021-09-17T13:29:44+00:00","og_image":[{"width":400,"height":263,"url":"https:\/\/www.proyectounion.org\/wp-content\/uploads\/2021\/09\/BOSQUE-DE-LA-SOLIDARIDAD_00.jpg","type":"image\/jpeg"}],"author":"Maryann Reyes","twitter_misc":{"Written by":"Maryann Reyes","Est. reading time":"3 minutes"},"schema":{"@context":"https:\/\/schema.org","@graph":[{"@type":"Article","@id":"https:\/\/www.proyectounion.org\/en\/we-inaugurate-our-solidarity-forest\/#article","isPartOf":{"@id":"https:\/\/www.proyectounion.org\/en\/we-inaugurate-our-solidarity-forest\/"},"author":{"name":"Maryann Reyes","@id":"https:\/\/www.proyectounion.org\/#\/schema\/person\/f54d4262058910ca5d6322c847318b9f"},"headline":"WE INAUGURATE OUR SOLIDARITY FOREST","datePublished":"2021-09-01T15:48:05+00:00","dateModified":"2021-09-17T13:29:44+00:00","mainEntityOfPage":{"@id":"https:\/\/www.proyectounion.org\/en\/we-inaugurate-our-solidarity-forest\/"},"wordCount":590,"image":{"@id":"https:\/\/www.proyectounion.org\/en\/we-inaugurate-our-solidarity-forest\/#primaryimage"},"thumbnailUrl":"https:\/\/www.proyectounion.org\/wp-content\/uploads\/2021\/09\/BOSQUE-DE-LA-SOLIDARIDAD_00.jpg","articleSection":["Historias Inspiradoras"],"inLanguage":"en-US"},{"@type":"WebPage","@id":"https:\/\/www.proyectounion.org\/en\/we-inaugurate-our-solidarity-forest\/","url":"https:\/\/www.proyectounion.org\/en\/we-inaugurate-our-solidarity-forest\/","name":"WE INAUGURATE OUR SOLIDARITY FOREST - Fundaci\u00f3n Proyecto Uni\u00f3n","isPartOf":{"@id":"https:\/\/www.proyectounion.org\/#website"},"primaryImageOfPage":{"@id":"https:\/\/www.proyectounion.org\/en\/we-inaugurate-our-solidarity-forest\/#primaryimage"},"image":{"@id":"https:\/\/www.proyectounion.org\/en\/we-inaugurate-our-solidarity-forest\/#primaryimage"},"thumbnailUrl":"https:\/\/www.proyectounion.org\/wp-content\/uploads\/2021\/09\/BOSQUE-DE-LA-SOLIDARIDAD_00.jpg","datePublished":"2021-09-01T15:48:05+00:00","dateModified":"2021-09-17T13:29:44+00:00","author":{"@id":"https:\/\/www.proyectounion.org\/#\/schema\/person\/f54d4262058910ca5d6322c847318b9f"},"description":"Fundaci\u00f3n Proyecto Uni\u00f3n asiste integralmente a ni\u00f1os con enfermedades de dificil manejo y Abuelitos sin hogar. Un lugar donde la Vida recobra la Esperanza.","breadcrumb":{"@id":"https:\/\/www.proyectounion.org\/en\/we-inaugurate-our-solidarity-forest\/#breadcrumb"},"inLanguage":"en-US","potentialAction":[{"@type":"ReadAction","target":["https:\/\/www.proyectounion.org\/en\/we-inaugurate-our-solidarity-forest\/"]}]},{"@type":"ImageObject","inLanguage":"en-US","@id":"https:\/\/www.proyectounion.org\/en\/we-inaugurate-our-solidarity-forest\/#primaryimage","url":"https:\/\/www.proyectounion.org\/wp-content\/uploads\/2021\/09\/BOSQUE-DE-LA-SOLIDARIDAD_00.jpg","contentUrl":"https:\/\/www.proyectounion.org\/wp-content\/uploads\/2021\/09\/BOSQUE-DE-LA-SOLIDARIDAD_00.jpg","width":400,"height":263},{"@type":"BreadcrumbList","@id":"https:\/\/www.proyectounion.org\/en\/we-inaugurate-our-solidarity-forest\/#breadcrumb","itemListElement":[{"@type":"ListItem","position":1,"name":"Home","item":"https:\/\/www.proyectounion.org\/en\/"},{"@type":"ListItem","position":2,"name":"WE INAUGURATE OUR SOLIDARITY FOREST"}]},{"@type":"WebSite","@id":"https:\/\/www.proyectounion.org\/#website","url":"https:\/\/www.proyectounion.org\/","name":"Fundaci\u00f3n Proyecto Uni\u00f3n","description":"Un lugar donde la vida recobra la esperanza","potentialAction":[{"@type":"SearchAction","target":{"@type":"EntryPoint","urlTemplate":"https:\/\/www.proyectounion.org\/?s={search_term_string}"},"query-input":{"@type":"PropertyValueSpecification","valueRequired":true,"valueName":"search_term_string"}}],"inLanguage":"en-US"},{"@type":"Person","@id":"https:\/\/www.proyectounion.org\/#\/schema\/person\/f54d4262058910ca5d6322c847318b9f","name":"Maryann Reyes","image":{"@type":"ImageObject","inLanguage":"en-US","@id":"https:\/\/secure.gravatar.com\/avatar\/d6b9c019b66dbd8c9f28f6d8414028bd7da484fc057d17b3d0b77c4caf3e710f?s=96&d=mm&r=g","url":"https:\/\/secure.gravatar.com\/avatar\/d6b9c019b66dbd8c9f28f6d8414028bd7da484fc057d17b3d0b77c4caf3e710f?s=96&d=mm&r=g","contentUrl":"https:\/\/secure.gravatar.com\/avatar\/d6b9c019b66dbd8c9f28f6d8414028bd7da484fc057d17b3d0b77c4caf3e710f?s=96&d=mm&r=g","caption":"Maryann Reyes"},"url":"https:\/\/www.proyectounion.org\/en\/author\/maryann\/"}]}},"jetpack_featured_media_url":"https:\/\/www.proyectounion.org\/wp-content\/uploads\/2021\/09\/BOSQUE-DE-LA-SOLIDARIDAD_00.jpg","jetpack_sharing_enabled":true,"_links":{"self":[{"href":"https:\/\/www.proyectounion.org\/en\/wp-json\/wp\/v2\/posts\/13638","targetHints":{"allow":["GET"]}}],"collection":[{"href":"https:\/\/www.proyectounion.org\/en\/wp-json\/wp\/v2\/posts"}],"about":[{"href":"https:\/\/www.proyectounion.org\/en\/wp-json\/wp\/v2\/types\/post"}],"author":[{"embeddable":true,"href":"https:\/\/www.proyectounion.org\/en\/wp-json\/wp\/v2\/users\/33"}],"replies":[{"embeddable":true,"href":"https:\/\/www.proyectounion.org\/en\/wp-json\/wp\/v2\/comments?post=13638"}],"version-history":[{"count":3,"href":"https:\/\/www.proyectounion.org\/en\/wp-json\/wp\/v2\/posts\/13638\/revisions"}],"predecessor-version":[{"id":13641,"href":"https:\/\/www.proyectounion.org\/en\/wp-json\/wp\/v2\/posts\/13638\/revisions\/13641"}],"wp:featuredmedia":[{"embeddable":true,"href":"https:\/\/www.proyectounion.org\/en\/wp-json\/wp\/v2\/media\/13505"}],"wp:attachment":[{"href":"https:\/\/www.proyectounion.org\/en\/wp-json\/wp\/v2\/media?parent=13638"}],"wp:term":[{"taxonomy":"category","embeddable":true,"href":"https:\/\/www.proyectounion.org\/en\/wp-json\/wp\/v2\/categories?post=13638"},{"taxonomy":"post_tag","embeddable":true,"href":"https:\/\/www.proyectounion.org\/en\/wp-json\/wp\/v2\/tags?post=13638"}],"curies":[{"name":"wp","href":"https:\/\/api.w.org\/{rel}","templated":true}]}}