{"id":15811,"date":"2022-06-22T09:25:30","date_gmt":"2022-06-22T14:25:30","guid":{"rendered":"https:\/\/www.proyectounion.org\/una-sonrisa-saludable-para-nuestros-ninos\/"},"modified":"2022-08-02T14:04:51","modified_gmt":"2022-08-02T19:04:51","slug":"ein-gesundes-laecheln-fuer-unsere-kinder","status":"publish","type":"post","link":"https:\/\/www.proyectounion.org\/de\/ein-gesundes-laecheln-fuer-unsere-kinder\/","title":{"rendered":"EIN GESUNDES L\u00c4CHELN F\u00dcR UNSERE KINDER"},"content":{"rendered":"[vc_row type=&#8220;in_container&#8220; full_screen_row_position=&#8220;middle&#8220; scene_position=&#8220;center&#8220; text_color=&#8220;dark&#8220; text_align=&#8220;left&#8220; overlay_strength=&#8220;0.3&#8243; shape_divider_position=&#8220;bottom&#8220; bg_image_animation=&#8220;none&#8220;][vc_column column_padding=&#8220;no-extra-padding&#8220; column_padding_position=&#8220;all&#8220; background_color_opacity=&#8220;1&#8243; background_hover_color_opacity=&#8220;1&#8243; column_link_target=&#8220;_self&#8220; column_shadow=&#8220;none&#8220; column_border_radius=&#8220;none&#8220; width=&#8220;1\/3&#8243; tablet_width_inherit=&#8220;default&#8220; tablet_text_alignment=&#8220;default&#8220; phone_text_alignment=&#8220;default&#8220; column_border_width=&#8220;none&#8220; column_border_style=&#8220;solid&#8220; bg_image_animation=&#8220;none&#8220;][image_with_animation image_url=&#8220;15567&#8243; alignment=&#8220;center&#8220; animation=&#8220;Fade In&#8220; img_link_large=&#8220;yes&#8220; border_radius=&#8220;none&#8220; box_shadow=&#8220;none&#8220; max_width=&#8220;100%&#8220;][divider line_type=&#8220;No Line&#8220; custom_height=&#8220;20&#8243;][vc_gallery type=&#8220;image_grid&#8220; images=&#8220;15564,15561,15558,15555,15552&#8243; layout=&#8220;4&#8243; item_spacing=&#8220;default&#8220; gallery_style=&#8220;7&#8243; load_in_animation=&#8220;none&#8220;][\/vc_column][vc_column column_padding=&#8220;no-extra-padding&#8220; column_padding_position=&#8220;all&#8220; background_color_opacity=&#8220;1&#8243; background_hover_color_opacity=&#8220;1&#8243; column_link_target=&#8220;_self&#8220; column_shadow=&#8220;none&#8220; column_border_radius=&#8220;none&#8220; width=&#8220;2\/3&#8243; tablet_width_inherit=&#8220;default&#8220; tablet_text_alignment=&#8220;default&#8220; phone_text_alignment=&#8220;default&#8220; column_border_width=&#8220;none&#8220; column_border_style=&#8220;solid&#8220; bg_image_animation=&#8220;none&#8220;][vc_column_text]\n<p style=\"text-align: justify;\">Mit dem Ziel, die Mundgesundheit von Kindern zu st\u00e4rken, kamen die Schwestern Daniela und Juana Pinto aus der Stadt Medell\u00edn ins Centro de Vida los \u00c1ngeles, wo das Programm &#8222;Dejando Huellas&#8220; l\u00e4uft, von dem mehr als 30 Kinder profitieren.<\/p>\n<p style=\"text-align: justify;\">Daniela Pinto ist von Beruf Zahn\u00e4rztin und lernte unsere Organisation durch Daniela Duque, die Direktorin der Stiftung Santa Rita de Cascia, kennen. Gemeinsam machen sie derzeit ihren Master-Abschluss in Kinderentwicklung.<\/p>\n<p style=\"text-align: justify;\">W\u00e4hrend des Besuchs von Daniela und ihrer Schwester Juana wurde den Kindern in einem interaktiven Vortrag erkl\u00e4rt, wie sie ihre Z\u00e4hne pflegen, wie sie sich mit Zahnb\u00fcrste und Zahnseide putzen und regelm\u00e4\u00dfig zum Zahnarzt gehen, um Karies zu vermeiden und ein gesundes L\u00e4cheln zu haben. Die Kinder erhielten au\u00dferdem ein Mundhygieneset, das ihnen die notwendigen Mittel an die Hand gibt, um gute Mundhygienegewohnheiten zu erlernen.<\/p>\n<p style=\"text-align: justify;\">Wir danken den Pinto-Schwestern f\u00fcr ihren Besuch in unserer Einrichtung und daf\u00fcr, dass sie ihren Wunsch zu helfen durch eine Berufung zum Dienst am N\u00e4chsten in die Tat umgesetzt haben.&#8220;<\/p>\n[\/vc_column_text][\/vc_column][\/vc_row]\n","protected":false},"excerpt":{"rendered":"<p>[vc_row type=&#8220;in_container&#8220; full_screen_row_position=&#8220;middle&#8220; scene_position=&#8220;center&#8220; text_color=&#8220;dark&#8220; text_align=&#8220;left&#8220; overlay_strength=&#8220;0.3&#8243; shape_divider_position=&#8220;bottom&#8220; bg_image_animation=&#8220;none&#8220;][vc_column column_padding=&#8220;no-extra-padding&#8220; column_padding_position=&#8220;all&#8220; background_color_opacity=&#8220;1&#8243; background_hover_color_opacity=&#8220;1&#8243; column_link_target=&#8220;_self&#8220; column_shadow=&#8220;none&#8220; column_border_radius=&#8220;none&#8220; width=&#8220;1\/3&#8243; tablet_width_inherit=&#8220;default&#8220; tablet_text_alignment=&#8220;default&#8220; phone_text_alignment=&#8220;default&#8220; column_border_width=&#8220;none&#8220; column_border_style=&#8220;solid&#8220; bg_image_animation=&#8220;none&#8220;][image_with_animation image_url=&#8220;15567&#8243; alignment=&#8220;center&#8220; animation=&#8220;Fade In&#8220; img_link_large=&#8220;yes&#8220; border_radius=&#8220;none&#8220; box_shadow=&#8220;none&#8220;&#8230;<\/p>\n","protected":false},"author":33,"featured_media":15569,"comment_status":"closed","ping_status":"closed","sticky":false,"template":"","format":"standard","meta":{"_jetpack_memberships_contains_paid_content":false,"footnotes":""},"categories":[84],"tags":[],"class_list":{"0":"post-15811","1":"post","2":"type-post","3":"status-publish","4":"format-standard","5":"has-post-thumbnail","7":"category-unkategorisiert"},"yoast_head":"<!-- This site is optimized with the Yoast SEO plugin v27.4 - https:\/\/yoast.com\/product\/yoast-seo-wordpress\/ -->\n<title>EIN GESUNDES L\u00c4CHELN F\u00dcR UNSERE KINDER - Fundaci\u00f3n Proyecto Uni\u00f3n<\/title>\n<meta name=\"description\" content=\"Fundaci\u00f3n Proyecto Uni\u00f3n asiste integralmente a ni\u00f1os con enfermedades de dificil manejo y Abuelitos sin hogar. Un lugar donde la Vida recobra la Esperanza.\" \/>\n<meta name=\"robots\" content=\"index, follow, max-snippet:-1, max-image-preview:large, max-video-preview:-1\" \/>\n<link rel=\"canonical\" href=\"https:\/\/www.proyectounion.org\/de\/ein-gesundes-laecheln-fuer-unsere-kinder\/\" \/>\n<meta property=\"og:locale\" content=\"de_DE\" \/>\n<meta property=\"og:type\" content=\"article\" \/>\n<meta property=\"og:title\" content=\"EIN GESUNDES L\u00c4CHELN F\u00dcR UNSERE KINDER - Fundaci\u00f3n Proyecto Uni\u00f3n\" \/>\n<meta property=\"og:description\" content=\"Fundaci\u00f3n Proyecto Uni\u00f3n asiste integralmente a ni\u00f1os con enfermedades de dificil manejo y Abuelitos sin hogar. Un lugar donde la Vida recobra la Esperanza.\" \/>\n<meta property=\"og:url\" content=\"https:\/\/www.proyectounion.org\/de\/ein-gesundes-laecheln-fuer-unsere-kinder\/\" \/>\n<meta property=\"og:site_name\" content=\"Fundaci\u00f3n Proyecto Uni\u00f3n\" \/>\n<meta property=\"article:published_time\" content=\"2022-06-22T14:25:30+00:00\" \/>\n<meta property=\"article:modified_time\" content=\"2022-08-02T19:04:51+00:00\" \/>\n<meta property=\"og:image\" content=\"https:\/\/www.proyectounion.org\/wp-content\/uploads\/2022\/06\/UNA-SONRISA-SALUDABLE-PARA-NUESTROS-NINOS_00.jpg\" \/>\n\t<meta property=\"og:image:width\" content=\"400\" \/>\n\t<meta property=\"og:image:height\" content=\"263\" \/>\n\t<meta property=\"og:image:type\" content=\"image\/jpeg\" \/>\n<meta name=\"author\" content=\"Maryann Reyes\" \/>\n<meta name=\"twitter:label1\" content=\"Verfasst von\" \/>\n\t<meta name=\"twitter:data1\" content=\"Maryann Reyes\" \/>\n\t<meta name=\"twitter:label2\" content=\"Gesch\u00e4tzte Lesezeit\" \/>\n\t<meta name=\"twitter:data2\" content=\"2\u00a0Minuten\" \/>\n<script type=\"application\/ld+json\" class=\"yoast-schema-graph\">{\"@context\":\"https:\\\/\\\/schema.org\",\"@graph\":[{\"@type\":\"Article\",\"@id\":\"https:\\\/\\\/www.proyectounion.org\\\/de\\\/ein-gesundes-laecheln-fuer-unsere-kinder\\\/#article\",\"isPartOf\":{\"@id\":\"https:\\\/\\\/www.proyectounion.org\\\/de\\\/ein-gesundes-laecheln-fuer-unsere-kinder\\\/\"},\"author\":{\"name\":\"Maryann Reyes\",\"@id\":\"https:\\\/\\\/www.proyectounion.org\\\/#\\\/schema\\\/person\\\/f54d4262058910ca5d6322c847318b9f\"},\"headline\":\"EIN GESUNDES L\u00c4CHELN F\u00dcR UNSERE KINDER\",\"datePublished\":\"2022-06-22T14:25:30+00:00\",\"dateModified\":\"2022-08-02T19:04:51+00:00\",\"mainEntityOfPage\":{\"@id\":\"https:\\\/\\\/www.proyectounion.org\\\/de\\\/ein-gesundes-laecheln-fuer-unsere-kinder\\\/\"},\"wordCount\":375,\"image\":{\"@id\":\"https:\\\/\\\/www.proyectounion.org\\\/de\\\/ein-gesundes-laecheln-fuer-unsere-kinder\\\/#primaryimage\"},\"thumbnailUrl\":\"https:\\\/\\\/www.proyectounion.org\\\/wp-content\\\/uploads\\\/2022\\\/06\\\/UNA-SONRISA-SALUDABLE-PARA-NUESTROS-NINOS_00.jpg\",\"articleSection\":[\"Unkategorisiert\"],\"inLanguage\":\"de\"},{\"@type\":\"WebPage\",\"@id\":\"https:\\\/\\\/www.proyectounion.org\\\/de\\\/ein-gesundes-laecheln-fuer-unsere-kinder\\\/\",\"url\":\"https:\\\/\\\/www.proyectounion.org\\\/de\\\/ein-gesundes-laecheln-fuer-unsere-kinder\\\/\",\"name\":\"EIN GESUNDES L\u00c4CHELN F\u00dcR UNSERE KINDER - Fundaci\u00f3n Proyecto Uni\u00f3n\",\"isPartOf\":{\"@id\":\"https:\\\/\\\/www.proyectounion.org\\\/#website\"},\"primaryImageOfPage\":{\"@id\":\"https:\\\/\\\/www.proyectounion.org\\\/de\\\/ein-gesundes-laecheln-fuer-unsere-kinder\\\/#primaryimage\"},\"image\":{\"@id\":\"https:\\\/\\\/www.proyectounion.org\\\/de\\\/ein-gesundes-laecheln-fuer-unsere-kinder\\\/#primaryimage\"},\"thumbnailUrl\":\"https:\\\/\\\/www.proyectounion.org\\\/wp-content\\\/uploads\\\/2022\\\/06\\\/UNA-SONRISA-SALUDABLE-PARA-NUESTROS-NINOS_00.jpg\",\"datePublished\":\"2022-06-22T14:25:30+00:00\",\"dateModified\":\"2022-08-02T19:04:51+00:00\",\"author\":{\"@id\":\"https:\\\/\\\/www.proyectounion.org\\\/#\\\/schema\\\/person\\\/f54d4262058910ca5d6322c847318b9f\"},\"description\":\"Fundaci\u00f3n Proyecto Uni\u00f3n asiste integralmente a ni\u00f1os con enfermedades de dificil manejo y Abuelitos sin hogar. Un lugar donde la Vida recobra la Esperanza.\",\"breadcrumb\":{\"@id\":\"https:\\\/\\\/www.proyectounion.org\\\/de\\\/ein-gesundes-laecheln-fuer-unsere-kinder\\\/#breadcrumb\"},\"inLanguage\":\"de\",\"potentialAction\":[{\"@type\":\"ReadAction\",\"target\":[\"https:\\\/\\\/www.proyectounion.org\\\/de\\\/ein-gesundes-laecheln-fuer-unsere-kinder\\\/\"]}]},{\"@type\":\"ImageObject\",\"inLanguage\":\"de\",\"@id\":\"https:\\\/\\\/www.proyectounion.org\\\/de\\\/ein-gesundes-laecheln-fuer-unsere-kinder\\\/#primaryimage\",\"url\":\"https:\\\/\\\/www.proyectounion.org\\\/wp-content\\\/uploads\\\/2022\\\/06\\\/UNA-SONRISA-SALUDABLE-PARA-NUESTROS-NINOS_00.jpg\",\"contentUrl\":\"https:\\\/\\\/www.proyectounion.org\\\/wp-content\\\/uploads\\\/2022\\\/06\\\/UNA-SONRISA-SALUDABLE-PARA-NUESTROS-NINOS_00.jpg\",\"width\":400,\"height\":263},{\"@type\":\"BreadcrumbList\",\"@id\":\"https:\\\/\\\/www.proyectounion.org\\\/de\\\/ein-gesundes-laecheln-fuer-unsere-kinder\\\/#breadcrumb\",\"itemListElement\":[{\"@type\":\"ListItem\",\"position\":1,\"name\":\"Start\",\"item\":\"https:\\\/\\\/www.proyectounion.org\\\/de\\\/\"},{\"@type\":\"ListItem\",\"position\":2,\"name\":\"EIN GESUNDES L\u00c4CHELN F\u00dcR UNSERE KINDER\"}]},{\"@type\":\"WebSite\",\"@id\":\"https:\\\/\\\/www.proyectounion.org\\\/#website\",\"url\":\"https:\\\/\\\/www.proyectounion.org\\\/\",\"name\":\"Fundaci\u00f3n Proyecto Uni\u00f3n\",\"description\":\"Un lugar donde la vida recobra la esperanza\",\"potentialAction\":[{\"@type\":\"SearchAction\",\"target\":{\"@type\":\"EntryPoint\",\"urlTemplate\":\"https:\\\/\\\/www.proyectounion.org\\\/?s={search_term_string}\"},\"query-input\":{\"@type\":\"PropertyValueSpecification\",\"valueRequired\":true,\"valueName\":\"search_term_string\"}}],\"inLanguage\":\"de\"},{\"@type\":\"Person\",\"@id\":\"https:\\\/\\\/www.proyectounion.org\\\/#\\\/schema\\\/person\\\/f54d4262058910ca5d6322c847318b9f\",\"name\":\"Maryann Reyes\",\"image\":{\"@type\":\"ImageObject\",\"inLanguage\":\"de\",\"@id\":\"https:\\\/\\\/secure.gravatar.com\\\/avatar\\\/d6b9c019b66dbd8c9f28f6d8414028bd7da484fc057d17b3d0b77c4caf3e710f?s=96&d=mm&r=g\",\"url\":\"https:\\\/\\\/secure.gravatar.com\\\/avatar\\\/d6b9c019b66dbd8c9f28f6d8414028bd7da484fc057d17b3d0b77c4caf3e710f?s=96&d=mm&r=g\",\"contentUrl\":\"https:\\\/\\\/secure.gravatar.com\\\/avatar\\\/d6b9c019b66dbd8c9f28f6d8414028bd7da484fc057d17b3d0b77c4caf3e710f?s=96&d=mm&r=g\",\"caption\":\"Maryann Reyes\"},\"url\":\"https:\\\/\\\/www.proyectounion.org\\\/de\\\/author\\\/maryann\\\/\"}]}<\/script>\n<!-- \/ Yoast SEO plugin. -->","yoast_head_json":{"title":"EIN GESUNDES L\u00c4CHELN F\u00dcR UNSERE KINDER - Fundaci\u00f3n Proyecto Uni\u00f3n","description":"Fundaci\u00f3n Proyecto Uni\u00f3n asiste integralmente a ni\u00f1os con enfermedades de dificil manejo y Abuelitos sin hogar. Un lugar donde la Vida recobra la Esperanza.","robots":{"index":"index","follow":"follow","max-snippet":"max-snippet:-1","max-image-preview":"max-image-preview:large","max-video-preview":"max-video-preview:-1"},"canonical":"https:\/\/www.proyectounion.org\/de\/ein-gesundes-laecheln-fuer-unsere-kinder\/","og_locale":"de_DE","og_type":"article","og_title":"EIN GESUNDES L\u00c4CHELN F\u00dcR UNSERE KINDER - Fundaci\u00f3n Proyecto Uni\u00f3n","og_description":"Fundaci\u00f3n Proyecto Uni\u00f3n asiste integralmente a ni\u00f1os con enfermedades de dificil manejo y Abuelitos sin hogar. Un lugar donde la Vida recobra la Esperanza.","og_url":"https:\/\/www.proyectounion.org\/de\/ein-gesundes-laecheln-fuer-unsere-kinder\/","og_site_name":"Fundaci\u00f3n Proyecto Uni\u00f3n","article_published_time":"2022-06-22T14:25:30+00:00","article_modified_time":"2022-08-02T19:04:51+00:00","og_image":[{"width":400,"height":263,"url":"https:\/\/www.proyectounion.org\/wp-content\/uploads\/2022\/06\/UNA-SONRISA-SALUDABLE-PARA-NUESTROS-NINOS_00.jpg","type":"image\/jpeg"}],"author":"Maryann Reyes","twitter_misc":{"Verfasst von":"Maryann Reyes","Gesch\u00e4tzte Lesezeit":"2\u00a0Minuten"},"schema":{"@context":"https:\/\/schema.org","@graph":[{"@type":"Article","@id":"https:\/\/www.proyectounion.org\/de\/ein-gesundes-laecheln-fuer-unsere-kinder\/#article","isPartOf":{"@id":"https:\/\/www.proyectounion.org\/de\/ein-gesundes-laecheln-fuer-unsere-kinder\/"},"author":{"name":"Maryann Reyes","@id":"https:\/\/www.proyectounion.org\/#\/schema\/person\/f54d4262058910ca5d6322c847318b9f"},"headline":"EIN GESUNDES L\u00c4CHELN F\u00dcR UNSERE KINDER","datePublished":"2022-06-22T14:25:30+00:00","dateModified":"2022-08-02T19:04:51+00:00","mainEntityOfPage":{"@id":"https:\/\/www.proyectounion.org\/de\/ein-gesundes-laecheln-fuer-unsere-kinder\/"},"wordCount":375,"image":{"@id":"https:\/\/www.proyectounion.org\/de\/ein-gesundes-laecheln-fuer-unsere-kinder\/#primaryimage"},"thumbnailUrl":"https:\/\/www.proyectounion.org\/wp-content\/uploads\/2022\/06\/UNA-SONRISA-SALUDABLE-PARA-NUESTROS-NINOS_00.jpg","articleSection":["Unkategorisiert"],"inLanguage":"de"},{"@type":"WebPage","@id":"https:\/\/www.proyectounion.org\/de\/ein-gesundes-laecheln-fuer-unsere-kinder\/","url":"https:\/\/www.proyectounion.org\/de\/ein-gesundes-laecheln-fuer-unsere-kinder\/","name":"EIN GESUNDES L\u00c4CHELN F\u00dcR UNSERE KINDER - Fundaci\u00f3n Proyecto Uni\u00f3n","isPartOf":{"@id":"https:\/\/www.proyectounion.org\/#website"},"primaryImageOfPage":{"@id":"https:\/\/www.proyectounion.org\/de\/ein-gesundes-laecheln-fuer-unsere-kinder\/#primaryimage"},"image":{"@id":"https:\/\/www.proyectounion.org\/de\/ein-gesundes-laecheln-fuer-unsere-kinder\/#primaryimage"},"thumbnailUrl":"https:\/\/www.proyectounion.org\/wp-content\/uploads\/2022\/06\/UNA-SONRISA-SALUDABLE-PARA-NUESTROS-NINOS_00.jpg","datePublished":"2022-06-22T14:25:30+00:00","dateModified":"2022-08-02T19:04:51+00:00","author":{"@id":"https:\/\/www.proyectounion.org\/#\/schema\/person\/f54d4262058910ca5d6322c847318b9f"},"description":"Fundaci\u00f3n Proyecto Uni\u00f3n asiste integralmente a ni\u00f1os con enfermedades de dificil manejo y Abuelitos sin hogar. Un lugar donde la Vida recobra la Esperanza.","breadcrumb":{"@id":"https:\/\/www.proyectounion.org\/de\/ein-gesundes-laecheln-fuer-unsere-kinder\/#breadcrumb"},"inLanguage":"de","potentialAction":[{"@type":"ReadAction","target":["https:\/\/www.proyectounion.org\/de\/ein-gesundes-laecheln-fuer-unsere-kinder\/"]}]},{"@type":"ImageObject","inLanguage":"de","@id":"https:\/\/www.proyectounion.org\/de\/ein-gesundes-laecheln-fuer-unsere-kinder\/#primaryimage","url":"https:\/\/www.proyectounion.org\/wp-content\/uploads\/2022\/06\/UNA-SONRISA-SALUDABLE-PARA-NUESTROS-NINOS_00.jpg","contentUrl":"https:\/\/www.proyectounion.org\/wp-content\/uploads\/2022\/06\/UNA-SONRISA-SALUDABLE-PARA-NUESTROS-NINOS_00.jpg","width":400,"height":263},{"@type":"BreadcrumbList","@id":"https:\/\/www.proyectounion.org\/de\/ein-gesundes-laecheln-fuer-unsere-kinder\/#breadcrumb","itemListElement":[{"@type":"ListItem","position":1,"name":"Start","item":"https:\/\/www.proyectounion.org\/de\/"},{"@type":"ListItem","position":2,"name":"EIN GESUNDES L\u00c4CHELN F\u00dcR UNSERE KINDER"}]},{"@type":"WebSite","@id":"https:\/\/www.proyectounion.org\/#website","url":"https:\/\/www.proyectounion.org\/","name":"Fundaci\u00f3n Proyecto Uni\u00f3n","description":"Un lugar donde la vida recobra la esperanza","potentialAction":[{"@type":"SearchAction","target":{"@type":"EntryPoint","urlTemplate":"https:\/\/www.proyectounion.org\/?s={search_term_string}"},"query-input":{"@type":"PropertyValueSpecification","valueRequired":true,"valueName":"search_term_string"}}],"inLanguage":"de"},{"@type":"Person","@id":"https:\/\/www.proyectounion.org\/#\/schema\/person\/f54d4262058910ca5d6322c847318b9f","name":"Maryann Reyes","image":{"@type":"ImageObject","inLanguage":"de","@id":"https:\/\/secure.gravatar.com\/avatar\/d6b9c019b66dbd8c9f28f6d8414028bd7da484fc057d17b3d0b77c4caf3e710f?s=96&d=mm&r=g","url":"https:\/\/secure.gravatar.com\/avatar\/d6b9c019b66dbd8c9f28f6d8414028bd7da484fc057d17b3d0b77c4caf3e710f?s=96&d=mm&r=g","contentUrl":"https:\/\/secure.gravatar.com\/avatar\/d6b9c019b66dbd8c9f28f6d8414028bd7da484fc057d17b3d0b77c4caf3e710f?s=96&d=mm&r=g","caption":"Maryann Reyes"},"url":"https:\/\/www.proyectounion.org\/de\/author\/maryann\/"}]}},"jetpack_featured_media_url":"https:\/\/www.proyectounion.org\/wp-content\/uploads\/2022\/06\/UNA-SONRISA-SALUDABLE-PARA-NUESTROS-NINOS_00.jpg","jetpack_sharing_enabled":true,"_links":{"self":[{"href":"https:\/\/www.proyectounion.org\/de\/wp-json\/wp\/v2\/posts\/15811","targetHints":{"allow":["GET"]}}],"collection":[{"href":"https:\/\/www.proyectounion.org\/de\/wp-json\/wp\/v2\/posts"}],"about":[{"href":"https:\/\/www.proyectounion.org\/de\/wp-json\/wp\/v2\/types\/post"}],"author":[{"embeddable":true,"href":"https:\/\/www.proyectounion.org\/de\/wp-json\/wp\/v2\/users\/33"}],"replies":[{"embeddable":true,"href":"https:\/\/www.proyectounion.org\/de\/wp-json\/wp\/v2\/comments?post=15811"}],"version-history":[{"count":3,"href":"https:\/\/www.proyectounion.org\/de\/wp-json\/wp\/v2\/posts\/15811\/revisions"}],"predecessor-version":[{"id":15814,"href":"https:\/\/www.proyectounion.org\/de\/wp-json\/wp\/v2\/posts\/15811\/revisions\/15814"}],"wp:featuredmedia":[{"embeddable":true,"href":"https:\/\/www.proyectounion.org\/de\/wp-json\/wp\/v2\/media\/15569"}],"wp:attachment":[{"href":"https:\/\/www.proyectounion.org\/de\/wp-json\/wp\/v2\/media?parent=15811"}],"wp:term":[{"taxonomy":"category","embeddable":true,"href":"https:\/\/www.proyectounion.org\/de\/wp-json\/wp\/v2\/categories?post=15811"},{"taxonomy":"post_tag","embeddable":true,"href":"https:\/\/www.proyectounion.org\/de\/wp-json\/wp\/v2\/tags?post=15811"}],"curies":[{"name":"wp","href":"https:\/\/api.w.org\/{rel}","templated":true}]}}