{"id":15798,"date":"2022-06-08T12:16:21","date_gmt":"2022-06-08T17:16:21","guid":{"rendered":"https:\/\/www.proyectounion.org\/practicas-que-dejan-huella\/"},"modified":"2022-08-02T12:31:47","modified_gmt":"2022-08-02T17:31:47","slug":"praktikanten-die-was-bewegen","status":"publish","type":"post","link":"https:\/\/www.proyectounion.org\/de\/praktikanten-die-was-bewegen\/","title":{"rendered":"PRAKTIKANTEN, DIE WAS BEWEGEN"},"content":{"rendered":"[vc_row type=&#8220;in_container&#8220; full_screen_row_position=&#8220;middle&#8220; scene_position=&#8220;center&#8220; text_color=&#8220;dark&#8220; text_align=&#8220;left&#8220; overlay_strength=&#8220;0.3&#8243; shape_divider_position=&#8220;bottom&#8220; bg_image_animation=&#8220;none&#8220;][vc_column column_padding=&#8220;no-extra-padding&#8220; column_padding_position=&#8220;all&#8220; background_color_opacity=&#8220;1&#8243; background_hover_color_opacity=&#8220;1&#8243; column_link_target=&#8220;_self&#8220; column_shadow=&#8220;none&#8220; column_border_radius=&#8220;none&#8220; width=&#8220;1\/3&#8243; tablet_width_inherit=&#8220;default&#8220; tablet_text_alignment=&#8220;default&#8220; phone_text_alignment=&#8220;default&#8220; column_border_width=&#8220;none&#8220; column_border_style=&#8220;solid&#8220; bg_image_animation=&#8220;none&#8220;][image_with_animation image_url=&#8220;15436&#8243; alignment=&#8220;center&#8220; animation=&#8220;Fade In&#8220; img_link_large=&#8220;yes&#8220; border_radius=&#8220;none&#8220; box_shadow=&#8220;none&#8220; max_width=&#8220;100%&#8220;][divider line_type=&#8220;No Line&#8220; custom_height=&#8220;20&#8243;][vc_gallery type=&#8220;image_grid&#8220; images=&#8220;15433,15430,15427,15424,15421,15439,15418&#8243; layout=&#8220;4&#8243; item_spacing=&#8220;default&#8220; gallery_style=&#8220;7&#8243; load_in_animation=&#8220;none&#8220;][\/vc_column][vc_column column_padding=&#8220;no-extra-padding&#8220; column_padding_position=&#8220;all&#8220; background_color_opacity=&#8220;1&#8243; background_hover_color_opacity=&#8220;1&#8243; column_link_target=&#8220;_self&#8220; column_shadow=&#8220;none&#8220; column_border_radius=&#8220;none&#8220; width=&#8220;2\/3&#8243; tablet_width_inherit=&#8220;default&#8220; tablet_text_alignment=&#8220;default&#8220; phone_text_alignment=&#8220;default&#8220; column_border_width=&#8220;none&#8220; column_border_style=&#8220;solid&#8220; bg_image_animation=&#8220;none&#8220;][vc_column_text]\n<p style=\"text-align: justify;\">Mit dem Ziel, die Lebensqualit\u00e4t der Kinder zu verbessern und ein praktisches Szenario f\u00fcr die Entwicklung des menschlichen Potenzials in Bezug auf berufliche Kompetenz und Dienst an der Gesellschaft zu schaffen, hat die Stiftung Proyecto Uni\u00f3n seit einem Jahrzehnt Praktikumsvereinbarungen mit wichtigen Universit\u00e4ten und Hochschulen in der Hauptstadt geschlossen.<\/p>\n<p style=\"text-align: justify;\">Mit Beginn des Monats Juni gehen einige Praktikumszyklen zu Ende, so z. B. dieses Mal bei der Corporaci\u00f3n Iberoamericana, der Universidad Manuela Beltr\u00e1n und der U. del Bosque, um nur einige zu nennen. W\u00e4hrend dieses Abschlusses konnte man sich aus erster Hand davon \u00fcberzeugen, wie wichtig diese Vereinbarungen f\u00fcr unsere Organisation sind, aber auch von der hohen Qualit\u00e4t der Fachleute, die den Lehrauftrag erf\u00fcllen und diese Praktiken leiten.<\/p>\n<p style=\"text-align: justify;\">Jedes Team von Studenten aus Gesundheitsbereichen wie Physiotherapie, Logop\u00e4die, kardiorespiratorische Therapie, Zahnmedizin und Psychologie erstellt eine Diagnose, die es uns erm\u00f6glicht, der Entwicklung von Projekten mit Mehrwert f\u00fcr das Leben der Kinder des Hogar Santa Rita de Cascia Priorit\u00e4t einzur\u00e4umen. Unter den durchgef\u00fchrten Forschungsprojekten sind all jene hervorzuheben, die das Leben der Kinder ver\u00e4ndert haben, wie z. B. die M\u00f6glichkeit der Umstellung von Magensondenern\u00e4hrung auf orale Ern\u00e4hrung, die Umgew\u00f6hnung von k\u00fcnstlicher Beatmung normale Atmung zu erreichen, und die Verwendung innovativer Elemente zur Verbesserung der Kommunikation, u. a. dank der interdisziplin\u00e4ren Arbeit unter der Leitung der Fachbereiche Kardiorespiratorische Therapie der UMB und Logop\u00e4die der Iberoamerikanischen.<\/p>\n<p style=\"text-align: justify;\">Im Bereich der Physiotherapie erhielt die UMB einen St\u00fctzstuhl f\u00fcr neurop\u00e4diatrische Patienten, der die Kommunikationsprozesse und die Art und Weise, wie sie ihre Nahrung erhalten, beg\u00fcnstigt. Dar\u00fcber hinaus erhielten die Kinder Extensoren, die eine gr\u00f6\u00dfere Beweglichkeit der H\u00e4nde erm\u00f6glichen und als Schutz vor Selbstverletzungen dienen. Die Studenten der Iberoamericana lieferten ihrerseits Gewichte zur St\u00e4rkung der Prozesse und des Gehtrainings sowie neue Immobilisatoren, die mehr Komfort und Sicherheit f\u00fcr unsere Kinder bieten.<\/p>\n<p style=\"text-align: justify;\">Erg\u00e4nzend zu diesen wertvollen Beitr\u00e4gen f\u00fchrte das Praxisteam im Bereich Zahnmedizin und Kinderzahnheilkunde des U. del Bosque wichtige Hygienetage durch, die wichtige Ver\u00e4nderungen in der Mundgesundheit der Kinder bewirkten, sowie Schulungen und die Bereitstellung von personalisierten Protokollen \u00fcber den QR-Code, die die Prozesse der Mundhygiene st\u00e4rken. Dar\u00fcber hinaus wurde eine Spende von Produkten zum Schutz und zur Erhaltung der Mundgesundheit \u00fcberreicht.<\/p>\n<p style=\"text-align: justify;\">Jedes Projekt erm\u00f6glicht die berufliche und pers\u00f6nliche Entwicklung von Sch\u00fclern und Lehrern, die ihre Arbeit mit Engagement, Professionalit\u00e4t und Gro\u00dfz\u00fcgigkeit verrichten. Deshalb m\u00f6chten wir uns noch einmal ganz herzlich bei allen Praxisteams bedanken, die das Leben unserer Kinder unausl\u00f6schlich gepr\u00e4gt haben.<\/p>\n[\/vc_column_text][\/vc_column][\/vc_row]\n","protected":false},"excerpt":{"rendered":"<p>[vc_row type=&#8220;in_container&#8220; full_screen_row_position=&#8220;middle&#8220; scene_position=&#8220;center&#8220; text_color=&#8220;dark&#8220; text_align=&#8220;left&#8220; overlay_strength=&#8220;0.3&#8243; shape_divider_position=&#8220;bottom&#8220; bg_image_animation=&#8220;none&#8220;][vc_column column_padding=&#8220;no-extra-padding&#8220; column_padding_position=&#8220;all&#8220; background_color_opacity=&#8220;1&#8243; background_hover_color_opacity=&#8220;1&#8243; column_link_target=&#8220;_self&#8220; column_shadow=&#8220;none&#8220; column_border_radius=&#8220;none&#8220; width=&#8220;1\/3&#8243; tablet_width_inherit=&#8220;default&#8220; tablet_text_alignment=&#8220;default&#8220; phone_text_alignment=&#8220;default&#8220; column_border_width=&#8220;none&#8220; column_border_style=&#8220;solid&#8220; bg_image_animation=&#8220;none&#8220;][image_with_animation image_url=&#8220;15436&#8243; alignment=&#8220;center&#8220; animation=&#8220;Fade In&#8220; img_link_large=&#8220;yes&#8220; border_radius=&#8220;none&#8220; box_shadow=&#8220;none&#8220;&#8230;<\/p>\n","protected":false},"author":33,"featured_media":15438,"comment_status":"closed","ping_status":"closed","sticky":false,"template":"","format":"standard","meta":{"_jetpack_memberships_contains_paid_content":false,"footnotes":""},"categories":[84],"tags":[],"class_list":{"0":"post-15798","1":"post","2":"type-post","3":"status-publish","4":"format-standard","5":"has-post-thumbnail","7":"category-unkategorisiert"},"yoast_head":"<!-- This site is optimized with the Yoast SEO plugin v27.4 - https:\/\/yoast.com\/product\/yoast-seo-wordpress\/ -->\n<title>PRAKTIKANTEN, DIE WAS BEWEGEN - Fundaci\u00f3n Proyecto Uni\u00f3n<\/title>\n<meta name=\"description\" content=\"Fundaci\u00f3n Proyecto Uni\u00f3n asiste integralmente a ni\u00f1os con enfermedades de dificil manejo y Abuelitos sin hogar. Un lugar donde la Vida recobra la Esperanza.\" \/>\n<meta name=\"robots\" content=\"index, follow, max-snippet:-1, max-image-preview:large, max-video-preview:-1\" \/>\n<link rel=\"canonical\" href=\"https:\/\/www.proyectounion.org\/de\/praktikanten-die-was-bewegen\/\" \/>\n<meta property=\"og:locale\" content=\"de_DE\" \/>\n<meta property=\"og:type\" content=\"article\" \/>\n<meta property=\"og:title\" content=\"PRAKTIKANTEN, DIE WAS BEWEGEN - Fundaci\u00f3n Proyecto Uni\u00f3n\" \/>\n<meta property=\"og:description\" content=\"Fundaci\u00f3n Proyecto Uni\u00f3n asiste integralmente a ni\u00f1os con enfermedades de dificil manejo y Abuelitos sin hogar. Un lugar donde la Vida recobra la Esperanza.\" \/>\n<meta property=\"og:url\" content=\"https:\/\/www.proyectounion.org\/de\/praktikanten-die-was-bewegen\/\" \/>\n<meta property=\"og:site_name\" content=\"Fundaci\u00f3n Proyecto Uni\u00f3n\" \/>\n<meta property=\"article:published_time\" content=\"2022-06-08T17:16:21+00:00\" \/>\n<meta property=\"article:modified_time\" content=\"2022-08-02T17:31:47+00:00\" \/>\n<meta property=\"og:image\" content=\"https:\/\/www.proyectounion.org\/wp-content\/uploads\/2022\/06\/PRACTICAS-QUE-DEJAN-HUELLA.jpg\" \/>\n\t<meta property=\"og:image:width\" content=\"400\" \/>\n\t<meta property=\"og:image:height\" content=\"263\" \/>\n\t<meta property=\"og:image:type\" content=\"image\/jpeg\" \/>\n<meta name=\"author\" content=\"Maryann Reyes\" \/>\n<meta name=\"twitter:label1\" content=\"Verfasst von\" \/>\n\t<meta name=\"twitter:data1\" content=\"Maryann Reyes\" \/>\n\t<meta name=\"twitter:label2\" content=\"Gesch\u00e4tzte Lesezeit\" \/>\n\t<meta name=\"twitter:data2\" content=\"3\u00a0Minuten\" \/>\n<script type=\"application\/ld+json\" class=\"yoast-schema-graph\">{\"@context\":\"https:\\\/\\\/schema.org\",\"@graph\":[{\"@type\":\"Article\",\"@id\":\"https:\\\/\\\/www.proyectounion.org\\\/de\\\/praktikanten-die-was-bewegen\\\/#article\",\"isPartOf\":{\"@id\":\"https:\\\/\\\/www.proyectounion.org\\\/de\\\/praktikanten-die-was-bewegen\\\/\"},\"author\":{\"name\":\"Maryann Reyes\",\"@id\":\"https:\\\/\\\/www.proyectounion.org\\\/#\\\/schema\\\/person\\\/f54d4262058910ca5d6322c847318b9f\"},\"headline\":\"PRAKTIKANTEN, DIE WAS BEWEGEN\",\"datePublished\":\"2022-06-08T17:16:21+00:00\",\"dateModified\":\"2022-08-02T17:31:47+00:00\",\"mainEntityOfPage\":{\"@id\":\"https:\\\/\\\/www.proyectounion.org\\\/de\\\/praktikanten-die-was-bewegen\\\/\"},\"wordCount\":637,\"image\":{\"@id\":\"https:\\\/\\\/www.proyectounion.org\\\/de\\\/praktikanten-die-was-bewegen\\\/#primaryimage\"},\"thumbnailUrl\":\"https:\\\/\\\/www.proyectounion.org\\\/wp-content\\\/uploads\\\/2022\\\/06\\\/PRACTICAS-QUE-DEJAN-HUELLA.jpg\",\"articleSection\":[\"Unkategorisiert\"],\"inLanguage\":\"de\"},{\"@type\":\"WebPage\",\"@id\":\"https:\\\/\\\/www.proyectounion.org\\\/de\\\/praktikanten-die-was-bewegen\\\/\",\"url\":\"https:\\\/\\\/www.proyectounion.org\\\/de\\\/praktikanten-die-was-bewegen\\\/\",\"name\":\"PRAKTIKANTEN, DIE WAS BEWEGEN - Fundaci\u00f3n Proyecto Uni\u00f3n\",\"isPartOf\":{\"@id\":\"https:\\\/\\\/www.proyectounion.org\\\/#website\"},\"primaryImageOfPage\":{\"@id\":\"https:\\\/\\\/www.proyectounion.org\\\/de\\\/praktikanten-die-was-bewegen\\\/#primaryimage\"},\"image\":{\"@id\":\"https:\\\/\\\/www.proyectounion.org\\\/de\\\/praktikanten-die-was-bewegen\\\/#primaryimage\"},\"thumbnailUrl\":\"https:\\\/\\\/www.proyectounion.org\\\/wp-content\\\/uploads\\\/2022\\\/06\\\/PRACTICAS-QUE-DEJAN-HUELLA.jpg\",\"datePublished\":\"2022-06-08T17:16:21+00:00\",\"dateModified\":\"2022-08-02T17:31:47+00:00\",\"author\":{\"@id\":\"https:\\\/\\\/www.proyectounion.org\\\/#\\\/schema\\\/person\\\/f54d4262058910ca5d6322c847318b9f\"},\"description\":\"Fundaci\u00f3n Proyecto Uni\u00f3n asiste integralmente a ni\u00f1os con enfermedades de dificil manejo y Abuelitos sin hogar. Un lugar donde la Vida recobra la Esperanza.\",\"breadcrumb\":{\"@id\":\"https:\\\/\\\/www.proyectounion.org\\\/de\\\/praktikanten-die-was-bewegen\\\/#breadcrumb\"},\"inLanguage\":\"de\",\"potentialAction\":[{\"@type\":\"ReadAction\",\"target\":[\"https:\\\/\\\/www.proyectounion.org\\\/de\\\/praktikanten-die-was-bewegen\\\/\"]}]},{\"@type\":\"ImageObject\",\"inLanguage\":\"de\",\"@id\":\"https:\\\/\\\/www.proyectounion.org\\\/de\\\/praktikanten-die-was-bewegen\\\/#primaryimage\",\"url\":\"https:\\\/\\\/www.proyectounion.org\\\/wp-content\\\/uploads\\\/2022\\\/06\\\/PRACTICAS-QUE-DEJAN-HUELLA.jpg\",\"contentUrl\":\"https:\\\/\\\/www.proyectounion.org\\\/wp-content\\\/uploads\\\/2022\\\/06\\\/PRACTICAS-QUE-DEJAN-HUELLA.jpg\",\"width\":400,\"height\":263},{\"@type\":\"BreadcrumbList\",\"@id\":\"https:\\\/\\\/www.proyectounion.org\\\/de\\\/praktikanten-die-was-bewegen\\\/#breadcrumb\",\"itemListElement\":[{\"@type\":\"ListItem\",\"position\":1,\"name\":\"Start\",\"item\":\"https:\\\/\\\/www.proyectounion.org\\\/de\\\/\"},{\"@type\":\"ListItem\",\"position\":2,\"name\":\"PRAKTIKANTEN, DIE WAS BEWEGEN\"}]},{\"@type\":\"WebSite\",\"@id\":\"https:\\\/\\\/www.proyectounion.org\\\/#website\",\"url\":\"https:\\\/\\\/www.proyectounion.org\\\/\",\"name\":\"Fundaci\u00f3n Proyecto Uni\u00f3n\",\"description\":\"Un lugar donde la vida recobra la esperanza\",\"potentialAction\":[{\"@type\":\"SearchAction\",\"target\":{\"@type\":\"EntryPoint\",\"urlTemplate\":\"https:\\\/\\\/www.proyectounion.org\\\/?s={search_term_string}\"},\"query-input\":{\"@type\":\"PropertyValueSpecification\",\"valueRequired\":true,\"valueName\":\"search_term_string\"}}],\"inLanguage\":\"de\"},{\"@type\":\"Person\",\"@id\":\"https:\\\/\\\/www.proyectounion.org\\\/#\\\/schema\\\/person\\\/f54d4262058910ca5d6322c847318b9f\",\"name\":\"Maryann Reyes\",\"image\":{\"@type\":\"ImageObject\",\"inLanguage\":\"de\",\"@id\":\"https:\\\/\\\/secure.gravatar.com\\\/avatar\\\/d6b9c019b66dbd8c9f28f6d8414028bd7da484fc057d17b3d0b77c4caf3e710f?s=96&d=mm&r=g\",\"url\":\"https:\\\/\\\/secure.gravatar.com\\\/avatar\\\/d6b9c019b66dbd8c9f28f6d8414028bd7da484fc057d17b3d0b77c4caf3e710f?s=96&d=mm&r=g\",\"contentUrl\":\"https:\\\/\\\/secure.gravatar.com\\\/avatar\\\/d6b9c019b66dbd8c9f28f6d8414028bd7da484fc057d17b3d0b77c4caf3e710f?s=96&d=mm&r=g\",\"caption\":\"Maryann Reyes\"},\"url\":\"https:\\\/\\\/www.proyectounion.org\\\/de\\\/author\\\/maryann\\\/\"}]}<\/script>\n<!-- \/ Yoast SEO plugin. -->","yoast_head_json":{"title":"PRAKTIKANTEN, DIE WAS BEWEGEN - Fundaci\u00f3n Proyecto Uni\u00f3n","description":"Fundaci\u00f3n Proyecto Uni\u00f3n asiste integralmente a ni\u00f1os con enfermedades de dificil manejo y Abuelitos sin hogar. Un lugar donde la Vida recobra la Esperanza.","robots":{"index":"index","follow":"follow","max-snippet":"max-snippet:-1","max-image-preview":"max-image-preview:large","max-video-preview":"max-video-preview:-1"},"canonical":"https:\/\/www.proyectounion.org\/de\/praktikanten-die-was-bewegen\/","og_locale":"de_DE","og_type":"article","og_title":"PRAKTIKANTEN, DIE WAS BEWEGEN - Fundaci\u00f3n Proyecto Uni\u00f3n","og_description":"Fundaci\u00f3n Proyecto Uni\u00f3n asiste integralmente a ni\u00f1os con enfermedades de dificil manejo y Abuelitos sin hogar. Un lugar donde la Vida recobra la Esperanza.","og_url":"https:\/\/www.proyectounion.org\/de\/praktikanten-die-was-bewegen\/","og_site_name":"Fundaci\u00f3n Proyecto Uni\u00f3n","article_published_time":"2022-06-08T17:16:21+00:00","article_modified_time":"2022-08-02T17:31:47+00:00","og_image":[{"width":400,"height":263,"url":"https:\/\/www.proyectounion.org\/wp-content\/uploads\/2022\/06\/PRACTICAS-QUE-DEJAN-HUELLA.jpg","type":"image\/jpeg"}],"author":"Maryann Reyes","twitter_misc":{"Verfasst von":"Maryann Reyes","Gesch\u00e4tzte Lesezeit":"3\u00a0Minuten"},"schema":{"@context":"https:\/\/schema.org","@graph":[{"@type":"Article","@id":"https:\/\/www.proyectounion.org\/de\/praktikanten-die-was-bewegen\/#article","isPartOf":{"@id":"https:\/\/www.proyectounion.org\/de\/praktikanten-die-was-bewegen\/"},"author":{"name":"Maryann Reyes","@id":"https:\/\/www.proyectounion.org\/#\/schema\/person\/f54d4262058910ca5d6322c847318b9f"},"headline":"PRAKTIKANTEN, DIE WAS BEWEGEN","datePublished":"2022-06-08T17:16:21+00:00","dateModified":"2022-08-02T17:31:47+00:00","mainEntityOfPage":{"@id":"https:\/\/www.proyectounion.org\/de\/praktikanten-die-was-bewegen\/"},"wordCount":637,"image":{"@id":"https:\/\/www.proyectounion.org\/de\/praktikanten-die-was-bewegen\/#primaryimage"},"thumbnailUrl":"https:\/\/www.proyectounion.org\/wp-content\/uploads\/2022\/06\/PRACTICAS-QUE-DEJAN-HUELLA.jpg","articleSection":["Unkategorisiert"],"inLanguage":"de"},{"@type":"WebPage","@id":"https:\/\/www.proyectounion.org\/de\/praktikanten-die-was-bewegen\/","url":"https:\/\/www.proyectounion.org\/de\/praktikanten-die-was-bewegen\/","name":"PRAKTIKANTEN, DIE WAS BEWEGEN - Fundaci\u00f3n Proyecto Uni\u00f3n","isPartOf":{"@id":"https:\/\/www.proyectounion.org\/#website"},"primaryImageOfPage":{"@id":"https:\/\/www.proyectounion.org\/de\/praktikanten-die-was-bewegen\/#primaryimage"},"image":{"@id":"https:\/\/www.proyectounion.org\/de\/praktikanten-die-was-bewegen\/#primaryimage"},"thumbnailUrl":"https:\/\/www.proyectounion.org\/wp-content\/uploads\/2022\/06\/PRACTICAS-QUE-DEJAN-HUELLA.jpg","datePublished":"2022-06-08T17:16:21+00:00","dateModified":"2022-08-02T17:31:47+00:00","author":{"@id":"https:\/\/www.proyectounion.org\/#\/schema\/person\/f54d4262058910ca5d6322c847318b9f"},"description":"Fundaci\u00f3n Proyecto Uni\u00f3n asiste integralmente a ni\u00f1os con enfermedades de dificil manejo y Abuelitos sin hogar. Un lugar donde la Vida recobra la Esperanza.","breadcrumb":{"@id":"https:\/\/www.proyectounion.org\/de\/praktikanten-die-was-bewegen\/#breadcrumb"},"inLanguage":"de","potentialAction":[{"@type":"ReadAction","target":["https:\/\/www.proyectounion.org\/de\/praktikanten-die-was-bewegen\/"]}]},{"@type":"ImageObject","inLanguage":"de","@id":"https:\/\/www.proyectounion.org\/de\/praktikanten-die-was-bewegen\/#primaryimage","url":"https:\/\/www.proyectounion.org\/wp-content\/uploads\/2022\/06\/PRACTICAS-QUE-DEJAN-HUELLA.jpg","contentUrl":"https:\/\/www.proyectounion.org\/wp-content\/uploads\/2022\/06\/PRACTICAS-QUE-DEJAN-HUELLA.jpg","width":400,"height":263},{"@type":"BreadcrumbList","@id":"https:\/\/www.proyectounion.org\/de\/praktikanten-die-was-bewegen\/#breadcrumb","itemListElement":[{"@type":"ListItem","position":1,"name":"Start","item":"https:\/\/www.proyectounion.org\/de\/"},{"@type":"ListItem","position":2,"name":"PRAKTIKANTEN, DIE WAS BEWEGEN"}]},{"@type":"WebSite","@id":"https:\/\/www.proyectounion.org\/#website","url":"https:\/\/www.proyectounion.org\/","name":"Fundaci\u00f3n Proyecto Uni\u00f3n","description":"Un lugar donde la vida recobra la esperanza","potentialAction":[{"@type":"SearchAction","target":{"@type":"EntryPoint","urlTemplate":"https:\/\/www.proyectounion.org\/?s={search_term_string}"},"query-input":{"@type":"PropertyValueSpecification","valueRequired":true,"valueName":"search_term_string"}}],"inLanguage":"de"},{"@type":"Person","@id":"https:\/\/www.proyectounion.org\/#\/schema\/person\/f54d4262058910ca5d6322c847318b9f","name":"Maryann Reyes","image":{"@type":"ImageObject","inLanguage":"de","@id":"https:\/\/secure.gravatar.com\/avatar\/d6b9c019b66dbd8c9f28f6d8414028bd7da484fc057d17b3d0b77c4caf3e710f?s=96&d=mm&r=g","url":"https:\/\/secure.gravatar.com\/avatar\/d6b9c019b66dbd8c9f28f6d8414028bd7da484fc057d17b3d0b77c4caf3e710f?s=96&d=mm&r=g","contentUrl":"https:\/\/secure.gravatar.com\/avatar\/d6b9c019b66dbd8c9f28f6d8414028bd7da484fc057d17b3d0b77c4caf3e710f?s=96&d=mm&r=g","caption":"Maryann Reyes"},"url":"https:\/\/www.proyectounion.org\/de\/author\/maryann\/"}]}},"jetpack_featured_media_url":"https:\/\/www.proyectounion.org\/wp-content\/uploads\/2022\/06\/PRACTICAS-QUE-DEJAN-HUELLA.jpg","jetpack_sharing_enabled":true,"_links":{"self":[{"href":"https:\/\/www.proyectounion.org\/de\/wp-json\/wp\/v2\/posts\/15798","targetHints":{"allow":["GET"]}}],"collection":[{"href":"https:\/\/www.proyectounion.org\/de\/wp-json\/wp\/v2\/posts"}],"about":[{"href":"https:\/\/www.proyectounion.org\/de\/wp-json\/wp\/v2\/types\/post"}],"author":[{"embeddable":true,"href":"https:\/\/www.proyectounion.org\/de\/wp-json\/wp\/v2\/users\/33"}],"replies":[{"embeddable":true,"href":"https:\/\/www.proyectounion.org\/de\/wp-json\/wp\/v2\/comments?post=15798"}],"version-history":[{"count":2,"href":"https:\/\/www.proyectounion.org\/de\/wp-json\/wp\/v2\/posts\/15798\/revisions"}],"predecessor-version":[{"id":15800,"href":"https:\/\/www.proyectounion.org\/de\/wp-json\/wp\/v2\/posts\/15798\/revisions\/15800"}],"wp:featuredmedia":[{"embeddable":true,"href":"https:\/\/www.proyectounion.org\/de\/wp-json\/wp\/v2\/media\/15438"}],"wp:attachment":[{"href":"https:\/\/www.proyectounion.org\/de\/wp-json\/wp\/v2\/media?parent=15798"}],"wp:term":[{"taxonomy":"category","embeddable":true,"href":"https:\/\/www.proyectounion.org\/de\/wp-json\/wp\/v2\/categories?post=15798"},{"taxonomy":"post_tag","embeddable":true,"href":"https:\/\/www.proyectounion.org\/de\/wp-json\/wp\/v2\/tags?post=15798"}],"curies":[{"name":"wp","href":"https:\/\/api.w.org\/{rel}","templated":true}]}}