{"id":13665,"date":"2021-09-01T10:48:05","date_gmt":"2021-09-01T15:48:05","guid":{"rendered":"https:\/\/www.proyectounion.org\/inauguramos-nuestro-bosque-de-la-solidaridad\/"},"modified":"2021-09-20T08:30:30","modified_gmt":"2021-09-20T13:30:30","slug":"wir-weihen-unseren-wald-der-solidaritaet-ein","status":"publish","type":"post","link":"https:\/\/www.proyectounion.org\/de\/wir-weihen-unseren-wald-der-solidaritaet-ein\/","title":{"rendered":"WIR WEIHEN UNSEREN WALD DER SOLIDARIT\u00c4T EIN"},"content":{"rendered":"[vc_row type=&#8220;in_container&#8220; full_screen_row_position=&#8220;middle&#8220; scene_position=&#8220;center&#8220; text_color=&#8220;dark&#8220; text_align=&#8220;left&#8220; overlay_strength=&#8220;0.3&#8243; shape_divider_position=&#8220;bottom&#8220; bg_image_animation=&#8220;none&#8220;][vc_column column_padding=&#8220;no-extra-padding&#8220; column_padding_position=&#8220;all&#8220; background_color_opacity=&#8220;1&#8243; background_hover_color_opacity=&#8220;1&#8243; column_link_target=&#8220;_self&#8220; column_shadow=&#8220;none&#8220; column_border_radius=&#8220;none&#8220; width=&#8220;1\/3&#8243; tablet_width_inherit=&#8220;default&#8220; tablet_text_alignment=&#8220;default&#8220; phone_text_alignment=&#8220;default&#8220; column_border_width=&#8220;none&#8220; column_border_style=&#8220;solid&#8220; bg_image_animation=&#8220;none&#8220;][image_with_animation image_url=&#8220;13504&#8243; alignment=&#8220;center&#8220; animation=&#8220;Fade In&#8220; img_link_large=&#8220;yes&#8220; border_radius=&#8220;none&#8220; box_shadow=&#8220;none&#8220; max_width=&#8220;100%&#8220;][divider line_type=&#8220;No Line&#8220; custom_height=&#8220;20&#8243;][vc_gallery type=&#8220;image_grid&#8220; images=&#8220;13507,13498,13495,13501&#8243; layout=&#8220;4&#8243; item_spacing=&#8220;default&#8220; gallery_style=&#8220;7&#8243; load_in_animation=&#8220;none&#8220;][\/vc_column][vc_column column_padding=&#8220;no-extra-padding&#8220; column_padding_position=&#8220;all&#8220; background_color_opacity=&#8220;1&#8243; background_hover_color_opacity=&#8220;1&#8243; column_link_target=&#8220;_self&#8220; column_shadow=&#8220;none&#8220; column_border_radius=&#8220;none&#8220; width=&#8220;2\/3&#8243; tablet_width_inherit=&#8220;default&#8220; tablet_text_alignment=&#8220;default&#8220; phone_text_alignment=&#8220;default&#8220; column_border_width=&#8220;none&#8220; column_border_style=&#8220;solid&#8220; bg_image_animation=&#8220;none&#8220;][vc_column_text]\n<p style=\"text-align: justify;\">Seit 20 Jahren wissen wir, wie sich gute Taten multiplizieren, aber vor allem, wie sich Tr\u00e4ume erf\u00fcllen k\u00f6nnen, wenn es ein besonderes Ziel gibt, das viele Leben ver\u00e4ndert.<\/p>\n<p style=\"text-align: justify;\">Dank der Solidarit\u00e4t vieler Herzen ist es uns gelungen, die verschiedenen Etappen unserer im Bau befindlichen Tr\u00e4ume voranzutreiben und sie in unserem Hauptsitz in Tocancip\u00e1 zu verwirklichen, wo wir bereits die Casa de los \u00c1ngeles haben und derzeit die zweite und dritte Etappe von Amparo de \u00c1ngeles bauen, einem Heim, in dem mehr als 100 schwer kranke Kinder betreut werden sollen.<\/p>\n<p style=\"text-align: justify;\">Als Zeichen des Dankes an unsere Engelspender und Verb\u00fcndeten haben wir beschlossen, eine besondere Hommage an das Wandgem\u00e4lde &#8222;Wald der Solidarit\u00e4t&#8220; der Fundaci\u00f3n Projecto Union am Hauptsitz von Casa de los Angeles zu machen. Dieser Wald ist Teil der Kampagne &#8222;1 Million B\u00e4ume f\u00fcr unser Land&#8220; des Umweltministeriums, welches im Naturschutzgebiet Ecoparque Sabana del Parque Jaime Duque durch die Pflanzung und Pflege von B\u00e4umen leitet.<\/p>\n<p style=\"text-align: justify;\">Die Einweihung des &#8222;Waldes der Solidarit\u00e4t&#8220; fand am 30. August in Anwesenheit von Dr. Fernando Quintero, Direktor von Fundaci\u00f3n Proyecto Uni\u00f3n, Mitarbeitern, Beg\u00fcnstigten und unseren besonderen G\u00e4sten, den Spendern \u00c1lvaro Correa und Mar\u00eda del Carmen Rivas, statt, die seit 7 Jahren unsere Mission unterst\u00fctzen und ein Beispiel f\u00fcr die G\u00fcte Gottes sind, der sie uns nicht nur als Agenten des Wandels, sondern auch als Zeugnis eines in Liebe verwandelten Lebens in den Weg gestellt hat.<\/p>\n<p style=\"text-align: justify;\">Jeder Baum in unserem Wald steht f\u00fcr die Erhaltung des Lebens und wird im Namen jener Familien, Eltern, Kinder, Enkel und Freunde gepflanzt, die eines Tages daran glaubten, dass sie mit ihrem gro\u00dfz\u00fcgigen Beitrag das Leben vieler Kinder, Familien und \u00e4lterer Menschen, die in prek\u00e4ren Verh\u00e4ltnissen leben, ver\u00e4ndern k\u00f6nnen und so zu Tr\u00e4gern der Hoffnung werden, um die Realit\u00e4t zu ver\u00e4ndern.<\/p>\n<p style=\"text-align: justify;\">Die Solidarit\u00e4t, der Wille zu helfen und der Wunsch, das Leben unserer Wohlt\u00e4ter zu ver\u00e4ndern, treiben uns jeden Tag dazu an, weiter zu tr\u00e4umen. Deshalb bleiben wir nicht stehen, sondern gehen im Gegenteil mit noch mehr Kraft voran und s\u00e4en in unserem &#8222;Wald der Solidarit\u00e4t&#8220; Samen der Hoffnung, denn wir glauben, dass wir sie gemeinsam und mit Ausdauer bald erreichen werden.<\/p>\n<p><strong>Danke an unsere Spender, denn ihr seid der Grund f\u00fcr unsere Freude und der Schatz unserer Mission<\/strong>.[\/vc_column_text][\/vc_column][\/vc_row]\n","protected":false},"excerpt":{"rendered":"<p>[vc_row type=&#8220;in_container&#8220; full_screen_row_position=&#8220;middle&#8220; scene_position=&#8220;center&#8220; text_color=&#8220;dark&#8220; text_align=&#8220;left&#8220; overlay_strength=&#8220;0.3&#8243; shape_divider_position=&#8220;bottom&#8220; bg_image_animation=&#8220;none&#8220;][vc_column column_padding=&#8220;no-extra-padding&#8220; column_padding_position=&#8220;all&#8220; background_color_opacity=&#8220;1&#8243; background_hover_color_opacity=&#8220;1&#8243; column_link_target=&#8220;_self&#8220; column_shadow=&#8220;none&#8220; column_border_radius=&#8220;none&#8220; width=&#8220;1\/3&#8243; tablet_width_inherit=&#8220;default&#8220; tablet_text_alignment=&#8220;default&#8220; phone_text_alignment=&#8220;default&#8220; column_border_width=&#8220;none&#8220; column_border_style=&#8220;solid&#8220; bg_image_animation=&#8220;none&#8220;][image_with_animation image_url=&#8220;13504&#8243; alignment=&#8220;center&#8220; animation=&#8220;Fade In&#8220; img_link_large=&#8220;yes&#8220; border_radius=&#8220;none&#8220; box_shadow=&#8220;none&#8220;&#8230;<\/p>\n","protected":false},"author":33,"featured_media":13506,"comment_status":"closed","ping_status":"closed","sticky":false,"template":"","format":"standard","meta":{"_jetpack_memberships_contains_paid_content":false,"footnotes":""},"categories":[84],"tags":[],"class_list":{"0":"post-13665","1":"post","2":"type-post","3":"status-publish","4":"format-standard","5":"has-post-thumbnail","7":"category-unkategorisiert"},"yoast_head":"<!-- This site is optimized with the Yoast SEO plugin v27.4 - https:\/\/yoast.com\/product\/yoast-seo-wordpress\/ -->\n<title>WIR WEIHEN UNSEREN WALD DER SOLIDARIT\u00c4T EIN - Fundaci\u00f3n Proyecto Uni\u00f3n<\/title>\n<meta name=\"description\" content=\"Fundaci\u00f3n Proyecto Uni\u00f3n asiste integralmente a ni\u00f1os con enfermedades de dificil manejo y Abuelitos sin hogar. Un lugar donde la Vida recobra la Esperanza.\" \/>\n<meta name=\"robots\" content=\"index, follow, max-snippet:-1, max-image-preview:large, max-video-preview:-1\" \/>\n<link rel=\"canonical\" href=\"https:\/\/www.proyectounion.org\/de\/wir-weihen-unseren-wald-der-solidaritaet-ein\/\" \/>\n<meta property=\"og:locale\" content=\"de_DE\" \/>\n<meta property=\"og:type\" content=\"article\" \/>\n<meta property=\"og:title\" content=\"WIR WEIHEN UNSEREN WALD DER SOLIDARIT\u00c4T EIN - Fundaci\u00f3n Proyecto Uni\u00f3n\" \/>\n<meta property=\"og:description\" content=\"Fundaci\u00f3n Proyecto Uni\u00f3n asiste integralmente a ni\u00f1os con enfermedades de dificil manejo y Abuelitos sin hogar. Un lugar donde la Vida recobra la Esperanza.\" \/>\n<meta property=\"og:url\" content=\"https:\/\/www.proyectounion.org\/de\/wir-weihen-unseren-wald-der-solidaritaet-ein\/\" \/>\n<meta property=\"og:site_name\" content=\"Fundaci\u00f3n Proyecto Uni\u00f3n\" \/>\n<meta property=\"article:published_time\" content=\"2021-09-01T15:48:05+00:00\" \/>\n<meta property=\"article:modified_time\" content=\"2021-09-20T13:30:30+00:00\" \/>\n<meta property=\"og:image\" content=\"https:\/\/www.proyectounion.org\/wp-content\/uploads\/2021\/09\/BOSQUE-DE-LA-SOLIDARIDAD_00.jpg\" \/>\n\t<meta property=\"og:image:width\" content=\"400\" \/>\n\t<meta property=\"og:image:height\" content=\"263\" \/>\n\t<meta property=\"og:image:type\" content=\"image\/jpeg\" \/>\n<meta name=\"author\" content=\"Maryann Reyes\" \/>\n<meta name=\"twitter:label1\" content=\"Verfasst von\" \/>\n\t<meta name=\"twitter:data1\" content=\"Maryann Reyes\" \/>\n\t<meta name=\"twitter:label2\" content=\"Gesch\u00e4tzte Lesezeit\" \/>\n\t<meta name=\"twitter:data2\" content=\"3\u00a0Minuten\" \/>\n<script type=\"application\/ld+json\" class=\"yoast-schema-graph\">{\"@context\":\"https:\\\/\\\/schema.org\",\"@graph\":[{\"@type\":\"Article\",\"@id\":\"https:\\\/\\\/www.proyectounion.org\\\/de\\\/wir-weihen-unseren-wald-der-solidaritaet-ein\\\/#article\",\"isPartOf\":{\"@id\":\"https:\\\/\\\/www.proyectounion.org\\\/de\\\/wir-weihen-unseren-wald-der-solidaritaet-ein\\\/\"},\"author\":{\"name\":\"Maryann Reyes\",\"@id\":\"https:\\\/\\\/www.proyectounion.org\\\/#\\\/schema\\\/person\\\/f54d4262058910ca5d6322c847318b9f\"},\"headline\":\"WIR WEIHEN UNSEREN WALD DER SOLIDARIT\u00c4T EIN\",\"datePublished\":\"2021-09-01T15:48:05+00:00\",\"dateModified\":\"2021-09-20T13:30:30+00:00\",\"mainEntityOfPage\":{\"@id\":\"https:\\\/\\\/www.proyectounion.org\\\/de\\\/wir-weihen-unseren-wald-der-solidaritaet-ein\\\/\"},\"wordCount\":600,\"image\":{\"@id\":\"https:\\\/\\\/www.proyectounion.org\\\/de\\\/wir-weihen-unseren-wald-der-solidaritaet-ein\\\/#primaryimage\"},\"thumbnailUrl\":\"https:\\\/\\\/www.proyectounion.org\\\/wp-content\\\/uploads\\\/2021\\\/09\\\/BOSQUE-DE-LA-SOLIDARIDAD_00.jpg\",\"articleSection\":[\"Unkategorisiert\"],\"inLanguage\":\"de\"},{\"@type\":\"WebPage\",\"@id\":\"https:\\\/\\\/www.proyectounion.org\\\/de\\\/wir-weihen-unseren-wald-der-solidaritaet-ein\\\/\",\"url\":\"https:\\\/\\\/www.proyectounion.org\\\/de\\\/wir-weihen-unseren-wald-der-solidaritaet-ein\\\/\",\"name\":\"WIR WEIHEN UNSEREN WALD DER SOLIDARIT\u00c4T EIN - Fundaci\u00f3n Proyecto Uni\u00f3n\",\"isPartOf\":{\"@id\":\"https:\\\/\\\/www.proyectounion.org\\\/#website\"},\"primaryImageOfPage\":{\"@id\":\"https:\\\/\\\/www.proyectounion.org\\\/de\\\/wir-weihen-unseren-wald-der-solidaritaet-ein\\\/#primaryimage\"},\"image\":{\"@id\":\"https:\\\/\\\/www.proyectounion.org\\\/de\\\/wir-weihen-unseren-wald-der-solidaritaet-ein\\\/#primaryimage\"},\"thumbnailUrl\":\"https:\\\/\\\/www.proyectounion.org\\\/wp-content\\\/uploads\\\/2021\\\/09\\\/BOSQUE-DE-LA-SOLIDARIDAD_00.jpg\",\"datePublished\":\"2021-09-01T15:48:05+00:00\",\"dateModified\":\"2021-09-20T13:30:30+00:00\",\"author\":{\"@id\":\"https:\\\/\\\/www.proyectounion.org\\\/#\\\/schema\\\/person\\\/f54d4262058910ca5d6322c847318b9f\"},\"description\":\"Fundaci\u00f3n Proyecto Uni\u00f3n asiste integralmente a ni\u00f1os con enfermedades de dificil manejo y Abuelitos sin hogar. Un lugar donde la Vida recobra la Esperanza.\",\"breadcrumb\":{\"@id\":\"https:\\\/\\\/www.proyectounion.org\\\/de\\\/wir-weihen-unseren-wald-der-solidaritaet-ein\\\/#breadcrumb\"},\"inLanguage\":\"de\",\"potentialAction\":[{\"@type\":\"ReadAction\",\"target\":[\"https:\\\/\\\/www.proyectounion.org\\\/de\\\/wir-weihen-unseren-wald-der-solidaritaet-ein\\\/\"]}]},{\"@type\":\"ImageObject\",\"inLanguage\":\"de\",\"@id\":\"https:\\\/\\\/www.proyectounion.org\\\/de\\\/wir-weihen-unseren-wald-der-solidaritaet-ein\\\/#primaryimage\",\"url\":\"https:\\\/\\\/www.proyectounion.org\\\/wp-content\\\/uploads\\\/2021\\\/09\\\/BOSQUE-DE-LA-SOLIDARIDAD_00.jpg\",\"contentUrl\":\"https:\\\/\\\/www.proyectounion.org\\\/wp-content\\\/uploads\\\/2021\\\/09\\\/BOSQUE-DE-LA-SOLIDARIDAD_00.jpg\",\"width\":400,\"height\":263},{\"@type\":\"BreadcrumbList\",\"@id\":\"https:\\\/\\\/www.proyectounion.org\\\/de\\\/wir-weihen-unseren-wald-der-solidaritaet-ein\\\/#breadcrumb\",\"itemListElement\":[{\"@type\":\"ListItem\",\"position\":1,\"name\":\"Start\",\"item\":\"https:\\\/\\\/www.proyectounion.org\\\/de\\\/\"},{\"@type\":\"ListItem\",\"position\":2,\"name\":\"WIR WEIHEN UNSEREN WALD DER SOLIDARIT\u00c4T EIN\"}]},{\"@type\":\"WebSite\",\"@id\":\"https:\\\/\\\/www.proyectounion.org\\\/#website\",\"url\":\"https:\\\/\\\/www.proyectounion.org\\\/\",\"name\":\"Fundaci\u00f3n Proyecto Uni\u00f3n\",\"description\":\"Un lugar donde la vida recobra la esperanza\",\"potentialAction\":[{\"@type\":\"SearchAction\",\"target\":{\"@type\":\"EntryPoint\",\"urlTemplate\":\"https:\\\/\\\/www.proyectounion.org\\\/?s={search_term_string}\"},\"query-input\":{\"@type\":\"PropertyValueSpecification\",\"valueRequired\":true,\"valueName\":\"search_term_string\"}}],\"inLanguage\":\"de\"},{\"@type\":\"Person\",\"@id\":\"https:\\\/\\\/www.proyectounion.org\\\/#\\\/schema\\\/person\\\/f54d4262058910ca5d6322c847318b9f\",\"name\":\"Maryann Reyes\",\"image\":{\"@type\":\"ImageObject\",\"inLanguage\":\"de\",\"@id\":\"https:\\\/\\\/secure.gravatar.com\\\/avatar\\\/d6b9c019b66dbd8c9f28f6d8414028bd7da484fc057d17b3d0b77c4caf3e710f?s=96&d=mm&r=g\",\"url\":\"https:\\\/\\\/secure.gravatar.com\\\/avatar\\\/d6b9c019b66dbd8c9f28f6d8414028bd7da484fc057d17b3d0b77c4caf3e710f?s=96&d=mm&r=g\",\"contentUrl\":\"https:\\\/\\\/secure.gravatar.com\\\/avatar\\\/d6b9c019b66dbd8c9f28f6d8414028bd7da484fc057d17b3d0b77c4caf3e710f?s=96&d=mm&r=g\",\"caption\":\"Maryann Reyes\"},\"url\":\"https:\\\/\\\/www.proyectounion.org\\\/de\\\/author\\\/maryann\\\/\"}]}<\/script>\n<!-- \/ Yoast SEO plugin. -->","yoast_head_json":{"title":"WIR WEIHEN UNSEREN WALD DER SOLIDARIT\u00c4T EIN - Fundaci\u00f3n Proyecto Uni\u00f3n","description":"Fundaci\u00f3n Proyecto Uni\u00f3n asiste integralmente a ni\u00f1os con enfermedades de dificil manejo y Abuelitos sin hogar. Un lugar donde la Vida recobra la Esperanza.","robots":{"index":"index","follow":"follow","max-snippet":"max-snippet:-1","max-image-preview":"max-image-preview:large","max-video-preview":"max-video-preview:-1"},"canonical":"https:\/\/www.proyectounion.org\/de\/wir-weihen-unseren-wald-der-solidaritaet-ein\/","og_locale":"de_DE","og_type":"article","og_title":"WIR WEIHEN UNSEREN WALD DER SOLIDARIT\u00c4T EIN - Fundaci\u00f3n Proyecto Uni\u00f3n","og_description":"Fundaci\u00f3n Proyecto Uni\u00f3n asiste integralmente a ni\u00f1os con enfermedades de dificil manejo y Abuelitos sin hogar. Un lugar donde la Vida recobra la Esperanza.","og_url":"https:\/\/www.proyectounion.org\/de\/wir-weihen-unseren-wald-der-solidaritaet-ein\/","og_site_name":"Fundaci\u00f3n Proyecto Uni\u00f3n","article_published_time":"2021-09-01T15:48:05+00:00","article_modified_time":"2021-09-20T13:30:30+00:00","og_image":[{"width":400,"height":263,"url":"https:\/\/www.proyectounion.org\/wp-content\/uploads\/2021\/09\/BOSQUE-DE-LA-SOLIDARIDAD_00.jpg","type":"image\/jpeg"}],"author":"Maryann Reyes","twitter_misc":{"Verfasst von":"Maryann Reyes","Gesch\u00e4tzte Lesezeit":"3\u00a0Minuten"},"schema":{"@context":"https:\/\/schema.org","@graph":[{"@type":"Article","@id":"https:\/\/www.proyectounion.org\/de\/wir-weihen-unseren-wald-der-solidaritaet-ein\/#article","isPartOf":{"@id":"https:\/\/www.proyectounion.org\/de\/wir-weihen-unseren-wald-der-solidaritaet-ein\/"},"author":{"name":"Maryann Reyes","@id":"https:\/\/www.proyectounion.org\/#\/schema\/person\/f54d4262058910ca5d6322c847318b9f"},"headline":"WIR WEIHEN UNSEREN WALD DER SOLIDARIT\u00c4T EIN","datePublished":"2021-09-01T15:48:05+00:00","dateModified":"2021-09-20T13:30:30+00:00","mainEntityOfPage":{"@id":"https:\/\/www.proyectounion.org\/de\/wir-weihen-unseren-wald-der-solidaritaet-ein\/"},"wordCount":600,"image":{"@id":"https:\/\/www.proyectounion.org\/de\/wir-weihen-unseren-wald-der-solidaritaet-ein\/#primaryimage"},"thumbnailUrl":"https:\/\/www.proyectounion.org\/wp-content\/uploads\/2021\/09\/BOSQUE-DE-LA-SOLIDARIDAD_00.jpg","articleSection":["Unkategorisiert"],"inLanguage":"de"},{"@type":"WebPage","@id":"https:\/\/www.proyectounion.org\/de\/wir-weihen-unseren-wald-der-solidaritaet-ein\/","url":"https:\/\/www.proyectounion.org\/de\/wir-weihen-unseren-wald-der-solidaritaet-ein\/","name":"WIR WEIHEN UNSEREN WALD DER SOLIDARIT\u00c4T EIN - Fundaci\u00f3n Proyecto Uni\u00f3n","isPartOf":{"@id":"https:\/\/www.proyectounion.org\/#website"},"primaryImageOfPage":{"@id":"https:\/\/www.proyectounion.org\/de\/wir-weihen-unseren-wald-der-solidaritaet-ein\/#primaryimage"},"image":{"@id":"https:\/\/www.proyectounion.org\/de\/wir-weihen-unseren-wald-der-solidaritaet-ein\/#primaryimage"},"thumbnailUrl":"https:\/\/www.proyectounion.org\/wp-content\/uploads\/2021\/09\/BOSQUE-DE-LA-SOLIDARIDAD_00.jpg","datePublished":"2021-09-01T15:48:05+00:00","dateModified":"2021-09-20T13:30:30+00:00","author":{"@id":"https:\/\/www.proyectounion.org\/#\/schema\/person\/f54d4262058910ca5d6322c847318b9f"},"description":"Fundaci\u00f3n Proyecto Uni\u00f3n asiste integralmente a ni\u00f1os con enfermedades de dificil manejo y Abuelitos sin hogar. Un lugar donde la Vida recobra la Esperanza.","breadcrumb":{"@id":"https:\/\/www.proyectounion.org\/de\/wir-weihen-unseren-wald-der-solidaritaet-ein\/#breadcrumb"},"inLanguage":"de","potentialAction":[{"@type":"ReadAction","target":["https:\/\/www.proyectounion.org\/de\/wir-weihen-unseren-wald-der-solidaritaet-ein\/"]}]},{"@type":"ImageObject","inLanguage":"de","@id":"https:\/\/www.proyectounion.org\/de\/wir-weihen-unseren-wald-der-solidaritaet-ein\/#primaryimage","url":"https:\/\/www.proyectounion.org\/wp-content\/uploads\/2021\/09\/BOSQUE-DE-LA-SOLIDARIDAD_00.jpg","contentUrl":"https:\/\/www.proyectounion.org\/wp-content\/uploads\/2021\/09\/BOSQUE-DE-LA-SOLIDARIDAD_00.jpg","width":400,"height":263},{"@type":"BreadcrumbList","@id":"https:\/\/www.proyectounion.org\/de\/wir-weihen-unseren-wald-der-solidaritaet-ein\/#breadcrumb","itemListElement":[{"@type":"ListItem","position":1,"name":"Start","item":"https:\/\/www.proyectounion.org\/de\/"},{"@type":"ListItem","position":2,"name":"WIR WEIHEN UNSEREN WALD DER SOLIDARIT\u00c4T EIN"}]},{"@type":"WebSite","@id":"https:\/\/www.proyectounion.org\/#website","url":"https:\/\/www.proyectounion.org\/","name":"Fundaci\u00f3n Proyecto Uni\u00f3n","description":"Un lugar donde la vida recobra la esperanza","potentialAction":[{"@type":"SearchAction","target":{"@type":"EntryPoint","urlTemplate":"https:\/\/www.proyectounion.org\/?s={search_term_string}"},"query-input":{"@type":"PropertyValueSpecification","valueRequired":true,"valueName":"search_term_string"}}],"inLanguage":"de"},{"@type":"Person","@id":"https:\/\/www.proyectounion.org\/#\/schema\/person\/f54d4262058910ca5d6322c847318b9f","name":"Maryann Reyes","image":{"@type":"ImageObject","inLanguage":"de","@id":"https:\/\/secure.gravatar.com\/avatar\/d6b9c019b66dbd8c9f28f6d8414028bd7da484fc057d17b3d0b77c4caf3e710f?s=96&d=mm&r=g","url":"https:\/\/secure.gravatar.com\/avatar\/d6b9c019b66dbd8c9f28f6d8414028bd7da484fc057d17b3d0b77c4caf3e710f?s=96&d=mm&r=g","contentUrl":"https:\/\/secure.gravatar.com\/avatar\/d6b9c019b66dbd8c9f28f6d8414028bd7da484fc057d17b3d0b77c4caf3e710f?s=96&d=mm&r=g","caption":"Maryann Reyes"},"url":"https:\/\/www.proyectounion.org\/de\/author\/maryann\/"}]}},"jetpack_featured_media_url":"https:\/\/www.proyectounion.org\/wp-content\/uploads\/2021\/09\/BOSQUE-DE-LA-SOLIDARIDAD_00.jpg","jetpack_sharing_enabled":true,"_links":{"self":[{"href":"https:\/\/www.proyectounion.org\/de\/wp-json\/wp\/v2\/posts\/13665","targetHints":{"allow":["GET"]}}],"collection":[{"href":"https:\/\/www.proyectounion.org\/de\/wp-json\/wp\/v2\/posts"}],"about":[{"href":"https:\/\/www.proyectounion.org\/de\/wp-json\/wp\/v2\/types\/post"}],"author":[{"embeddable":true,"href":"https:\/\/www.proyectounion.org\/de\/wp-json\/wp\/v2\/users\/33"}],"replies":[{"embeddable":true,"href":"https:\/\/www.proyectounion.org\/de\/wp-json\/wp\/v2\/comments?post=13665"}],"version-history":[{"count":3,"href":"https:\/\/www.proyectounion.org\/de\/wp-json\/wp\/v2\/posts\/13665\/revisions"}],"predecessor-version":[{"id":13668,"href":"https:\/\/www.proyectounion.org\/de\/wp-json\/wp\/v2\/posts\/13665\/revisions\/13668"}],"wp:featuredmedia":[{"embeddable":true,"href":"https:\/\/www.proyectounion.org\/de\/wp-json\/wp\/v2\/media\/13506"}],"wp:attachment":[{"href":"https:\/\/www.proyectounion.org\/de\/wp-json\/wp\/v2\/media?parent=13665"}],"wp:term":[{"taxonomy":"category","embeddable":true,"href":"https:\/\/www.proyectounion.org\/de\/wp-json\/wp\/v2\/categories?post=13665"},{"taxonomy":"post_tag","embeddable":true,"href":"https:\/\/www.proyectounion.org\/de\/wp-json\/wp\/v2\/tags?post=13665"}],"curies":[{"name":"wp","href":"https:\/\/api.w.org\/{rel}","templated":true}]}}