{"id":13621,"date":"2021-08-30T17:18:33","date_gmt":"2021-08-30T22:18:33","guid":{"rendered":"https:\/\/www.proyectounion.org\/moving-forward-stronger-than-ever\/"},"modified":"2021-09-14T09:58:13","modified_gmt":"2021-09-14T14:58:13","slug":"mit-voller-kraft-in-die-zukunft","status":"publish","type":"post","link":"https:\/\/www.proyectounion.org\/de\/mit-voller-kraft-in-die-zukunft\/","title":{"rendered":"MIT VOLLER KRAFT IN DIE ZUKUNFT"},"content":{"rendered":"[vc_row type=&#8220;in_container&#8220; full_screen_row_position=&#8220;middle&#8220; scene_position=&#8220;center&#8220; text_color=&#8220;dark&#8220; text_align=&#8220;left&#8220; overlay_strength=&#8220;0.3&#8243; shape_divider_position=&#8220;bottom&#8220; bg_image_animation=&#8220;none&#8220;][vc_column column_padding=&#8220;no-extra-padding&#8220; column_padding_position=&#8220;all&#8220; background_color_opacity=&#8220;1&#8243; background_hover_color_opacity=&#8220;1&#8243; column_link_target=&#8220;_self&#8220; column_shadow=&#8220;none&#8220; column_border_radius=&#8220;none&#8220; width=&#8220;1\/3&#8243; tablet_width_inherit=&#8220;default&#8220; tablet_text_alignment=&#8220;default&#8220; phone_text_alignment=&#8220;default&#8220; column_border_width=&#8220;none&#8220; column_border_style=&#8220;solid&#8220; bg_image_animation=&#8220;none&#8220;][image_with_animation image_url=&#8220;13486&#8243; alignment=&#8220;center&#8220; animation=&#8220;Fade In&#8220; img_link_large=&#8220;yes&#8220; border_radius=&#8220;none&#8220; box_shadow=&#8220;none&#8220; max_width=&#8220;100%&#8220;][divider line_type=&#8220;No Line&#8220; custom_height=&#8220;20&#8243;][vc_gallery type=&#8220;image_grid&#8220; images=&#8220;13489,13477,13480,13483&#8243; layout=&#8220;4&#8243; item_spacing=&#8220;default&#8220; gallery_style=&#8220;7&#8243; load_in_animation=&#8220;none&#8220;][\/vc_column][vc_column column_padding=&#8220;no-extra-padding&#8220; column_padding_position=&#8220;all&#8220; background_color_opacity=&#8220;1&#8243; background_hover_color_opacity=&#8220;1&#8243; column_link_target=&#8220;_self&#8220; column_shadow=&#8220;none&#8220; column_border_radius=&#8220;none&#8220; width=&#8220;2\/3&#8243; tablet_width_inherit=&#8220;default&#8220; tablet_text_alignment=&#8220;default&#8220; phone_text_alignment=&#8220;default&#8220; column_border_width=&#8220;none&#8220; column_border_style=&#8220;solid&#8220; bg_image_animation=&#8220;none&#8220;][vc_column_text]\n<p style=\"text-align: justify;\">Wie schon seit 20 Jahren erstrahlt unser Hogar Santa Rita de Cascia am letzten Samstag des Monats um 10 Uhr in Farbe und Freude, denn wir feiern das Leben der Kinder und aller Betreuer und Freunde. Die Stiftungen Santa Rita de Cascia, Proyecto Uni\u00f3n und Doctora Clown tun sich zusammen, um Freiwillige, Familien und Unternehmen zu inspirieren und mit ihnen den Zauber von Musik, Applaus, Seifenblasen, Kuchen, Kompott, Joghurt und all den Kleinigkeiten zu teilen, die von den Herzen unserer Spender kommen.<br \/>\nLetzten Samstag, nach 18 Monaten, nach der Pandemie, in der wir alle Einsamkeit, Angst, Krankheit, Trauer, Verlust von Arbeit und Mangel an Umarmungen und K\u00fcssen erlebten, \u00f6ffneten sich unsere T\u00fcren wieder, und unter Schutzma\u00dfnahmen gelang es uns, eine kleine Gruppe zum Feiern zu versammeln. Freiwillige Helfer, ganze Familien und Medtronics-Kollegen, vertreten durch Eltern mit ihren Kindern, brachten Milch, Windeln sowie ihre Freude und Liebe zu den Kindern mit.<br \/>\nAndererseits ist die Stiftung all jenen dankbar, die es m\u00f6glich gemacht haben, dass das Wohnheim Casa de la Esperanza seine T\u00fcren f\u00fcr 50 \u00e4ltere Stra\u00dfenbewohner, die zum Schlafen kamen, nicht geschlossen hat, dass 120 Gro\u00dfeltern t\u00e4glich im Speisesaal Maria es mi Madre fr\u00fchst\u00fccken und zu Mittag essen konnten, dass unsere Casa de los Angeles Kinder und ihre M\u00fctter aus entlegenen Regionen aufgenommen hat, w\u00e4hrend ihre Kinder medizinisch behandelt wurden. Au\u00dferdem konnten wir im Hogar Santa Rita mehr Platz f\u00fcr Freiwillige und Praktikanten schaffen.<br \/>\nWir freuen uns auch, dass das Centro de Vida los Angeles im Ecopark Schritt f\u00fcr Schritt vorankommt. Dank unserer Verb\u00fcndeten und Spender freuen wir uns, Ihnen mitteilen zu k\u00f6nnen, dass der Bau des Hogar Amparo de Angeles in seiner zweiten und dritten Phase voranschreitet. All dies und der Traum von einem p\u00e4diatrischen Zentrum ist nicht erloschen, er ist nicht kleiner geworden, im Gegenteil, wir sind st\u00e4rker geworden, weil wir auf jeden einzelnen von Ihnen, den Spenderengeln, z\u00e4hlen, und aus diesem Grund haben wir beschlossen, gemeinsam mit Ihnen das Abenteuer zu leben, die unsichtbaren Kinder zu den sichtbarsten zu machen.<\/p>\n[\/vc_column_text][\/vc_column][\/vc_row]\n","protected":false},"excerpt":{"rendered":"<p>[vc_row type=&#8220;in_container&#8220; full_screen_row_position=&#8220;middle&#8220; scene_position=&#8220;center&#8220; text_color=&#8220;dark&#8220; text_align=&#8220;left&#8220; overlay_strength=&#8220;0.3&#8243; shape_divider_position=&#8220;bottom&#8220; bg_image_animation=&#8220;none&#8220;][vc_column column_padding=&#8220;no-extra-padding&#8220; column_padding_position=&#8220;all&#8220; background_color_opacity=&#8220;1&#8243; background_hover_color_opacity=&#8220;1&#8243; column_link_target=&#8220;_self&#8220; column_shadow=&#8220;none&#8220; column_border_radius=&#8220;none&#8220; width=&#8220;1\/3&#8243; tablet_width_inherit=&#8220;default&#8220; tablet_text_alignment=&#8220;default&#8220; phone_text_alignment=&#8220;default&#8220; column_border_width=&#8220;none&#8220; column_border_style=&#8220;solid&#8220; bg_image_animation=&#8220;none&#8220;][image_with_animation image_url=&#8220;13486&#8243; alignment=&#8220;center&#8220; animation=&#8220;Fade In&#8220; img_link_large=&#8220;yes&#8220; border_radius=&#8220;none&#8220; box_shadow=&#8220;none&#8220;&#8230;<\/p>\n","protected":false},"author":33,"featured_media":13488,"comment_status":"closed","ping_status":"closed","sticky":false,"template":"","format":"standard","meta":{"_jetpack_memberships_contains_paid_content":false,"footnotes":""},"categories":[84],"tags":[],"class_list":{"0":"post-13621","1":"post","2":"type-post","3":"status-publish","4":"format-standard","5":"has-post-thumbnail","7":"category-unkategorisiert"},"yoast_head":"<!-- This site is optimized with the Yoast SEO plugin v27.5 - https:\/\/yoast.com\/product\/yoast-seo-wordpress\/ -->\n<title>MIT VOLLER KRAFT IN DIE ZUKUNFT - Fundaci\u00f3n Proyecto Uni\u00f3n<\/title>\n<meta name=\"description\" content=\"Fundaci\u00f3n Proyecto Uni\u00f3n asiste integralmente a ni\u00f1os con enfermedades de dificil manejo y Abuelitos sin hogar. Un lugar donde la Vida recobra la Esperanza.\" \/>\n<meta name=\"robots\" content=\"index, follow, max-snippet:-1, max-image-preview:large, max-video-preview:-1\" \/>\n<link rel=\"canonical\" href=\"https:\/\/www.proyectounion.org\/de\/mit-voller-kraft-in-die-zukunft\/\" \/>\n<meta property=\"og:locale\" content=\"de_DE\" \/>\n<meta property=\"og:type\" content=\"article\" \/>\n<meta property=\"og:title\" content=\"MIT VOLLER KRAFT IN DIE ZUKUNFT - Fundaci\u00f3n Proyecto Uni\u00f3n\" \/>\n<meta property=\"og:description\" content=\"Fundaci\u00f3n Proyecto Uni\u00f3n asiste integralmente a ni\u00f1os con enfermedades de dificil manejo y Abuelitos sin hogar. Un lugar donde la Vida recobra la Esperanza.\" \/>\n<meta property=\"og:url\" content=\"https:\/\/www.proyectounion.org\/de\/mit-voller-kraft-in-die-zukunft\/\" \/>\n<meta property=\"og:site_name\" content=\"Fundaci\u00f3n Proyecto Uni\u00f3n\" \/>\n<meta property=\"article:published_time\" content=\"2021-08-30T22:18:33+00:00\" \/>\n<meta property=\"article:modified_time\" content=\"2021-09-14T14:58:13+00:00\" \/>\n<meta property=\"og:image\" content=\"https:\/\/www.proyectounion.org\/wp-content\/uploads\/2021\/08\/CUMPLEANOS-AGOSTO_00.jpg\" \/>\n\t<meta property=\"og:image:width\" content=\"400\" \/>\n\t<meta property=\"og:image:height\" content=\"263\" \/>\n\t<meta property=\"og:image:type\" content=\"image\/jpeg\" \/>\n<meta name=\"author\" content=\"Maryann Reyes\" \/>\n<meta name=\"twitter:label1\" content=\"Verfasst von\" \/>\n\t<meta name=\"twitter:data1\" content=\"Maryann Reyes\" \/>\n\t<meta name=\"twitter:label2\" content=\"Gesch\u00e4tzte Lesezeit\" \/>\n\t<meta name=\"twitter:data2\" content=\"3\u00a0Minuten\" \/>\n<script type=\"application\/ld+json\" class=\"yoast-schema-graph\">{\"@context\":\"https:\\\/\\\/schema.org\",\"@graph\":[{\"@type\":\"Article\",\"@id\":\"https:\\\/\\\/www.proyectounion.org\\\/de\\\/mit-voller-kraft-in-die-zukunft\\\/#article\",\"isPartOf\":{\"@id\":\"https:\\\/\\\/www.proyectounion.org\\\/de\\\/mit-voller-kraft-in-die-zukunft\\\/\"},\"author\":{\"name\":\"Maryann Reyes\",\"@id\":\"https:\\\/\\\/www.proyectounion.org\\\/#\\\/schema\\\/person\\\/f54d4262058910ca5d6322c847318b9f\"},\"headline\":\"MIT VOLLER KRAFT IN DIE ZUKUNFT\",\"datePublished\":\"2021-08-30T22:18:33+00:00\",\"dateModified\":\"2021-09-14T14:58:13+00:00\",\"mainEntityOfPage\":{\"@id\":\"https:\\\/\\\/www.proyectounion.org\\\/de\\\/mit-voller-kraft-in-die-zukunft\\\/\"},\"wordCount\":545,\"image\":{\"@id\":\"https:\\\/\\\/www.proyectounion.org\\\/de\\\/mit-voller-kraft-in-die-zukunft\\\/#primaryimage\"},\"thumbnailUrl\":\"https:\\\/\\\/www.proyectounion.org\\\/wp-content\\\/uploads\\\/2021\\\/08\\\/CUMPLEANOS-AGOSTO_00.jpg\",\"articleSection\":[\"Unkategorisiert\"],\"inLanguage\":\"de\"},{\"@type\":\"WebPage\",\"@id\":\"https:\\\/\\\/www.proyectounion.org\\\/de\\\/mit-voller-kraft-in-die-zukunft\\\/\",\"url\":\"https:\\\/\\\/www.proyectounion.org\\\/de\\\/mit-voller-kraft-in-die-zukunft\\\/\",\"name\":\"MIT VOLLER KRAFT IN DIE ZUKUNFT - Fundaci\u00f3n Proyecto Uni\u00f3n\",\"isPartOf\":{\"@id\":\"https:\\\/\\\/www.proyectounion.org\\\/#website\"},\"primaryImageOfPage\":{\"@id\":\"https:\\\/\\\/www.proyectounion.org\\\/de\\\/mit-voller-kraft-in-die-zukunft\\\/#primaryimage\"},\"image\":{\"@id\":\"https:\\\/\\\/www.proyectounion.org\\\/de\\\/mit-voller-kraft-in-die-zukunft\\\/#primaryimage\"},\"thumbnailUrl\":\"https:\\\/\\\/www.proyectounion.org\\\/wp-content\\\/uploads\\\/2021\\\/08\\\/CUMPLEANOS-AGOSTO_00.jpg\",\"datePublished\":\"2021-08-30T22:18:33+00:00\",\"dateModified\":\"2021-09-14T14:58:13+00:00\",\"author\":{\"@id\":\"https:\\\/\\\/www.proyectounion.org\\\/#\\\/schema\\\/person\\\/f54d4262058910ca5d6322c847318b9f\"},\"description\":\"Fundaci\u00f3n Proyecto Uni\u00f3n asiste integralmente a ni\u00f1os con enfermedades de dificil manejo y Abuelitos sin hogar. Un lugar donde la Vida recobra la Esperanza.\",\"breadcrumb\":{\"@id\":\"https:\\\/\\\/www.proyectounion.org\\\/de\\\/mit-voller-kraft-in-die-zukunft\\\/#breadcrumb\"},\"inLanguage\":\"de\",\"potentialAction\":[{\"@type\":\"ReadAction\",\"target\":[\"https:\\\/\\\/www.proyectounion.org\\\/de\\\/mit-voller-kraft-in-die-zukunft\\\/\"]}]},{\"@type\":\"ImageObject\",\"inLanguage\":\"de\",\"@id\":\"https:\\\/\\\/www.proyectounion.org\\\/de\\\/mit-voller-kraft-in-die-zukunft\\\/#primaryimage\",\"url\":\"https:\\\/\\\/www.proyectounion.org\\\/wp-content\\\/uploads\\\/2021\\\/08\\\/CUMPLEANOS-AGOSTO_00.jpg\",\"contentUrl\":\"https:\\\/\\\/www.proyectounion.org\\\/wp-content\\\/uploads\\\/2021\\\/08\\\/CUMPLEANOS-AGOSTO_00.jpg\",\"width\":400,\"height\":263},{\"@type\":\"BreadcrumbList\",\"@id\":\"https:\\\/\\\/www.proyectounion.org\\\/de\\\/mit-voller-kraft-in-die-zukunft\\\/#breadcrumb\",\"itemListElement\":[{\"@type\":\"ListItem\",\"position\":1,\"name\":\"Start\",\"item\":\"https:\\\/\\\/www.proyectounion.org\\\/de\\\/\"},{\"@type\":\"ListItem\",\"position\":2,\"name\":\"MIT VOLLER KRAFT IN DIE ZUKUNFT\"}]},{\"@type\":\"WebSite\",\"@id\":\"https:\\\/\\\/www.proyectounion.org\\\/#website\",\"url\":\"https:\\\/\\\/www.proyectounion.org\\\/\",\"name\":\"Fundaci\u00f3n Proyecto Uni\u00f3n\",\"description\":\"Un lugar donde la vida recobra la esperanza\",\"potentialAction\":[{\"@type\":\"SearchAction\",\"target\":{\"@type\":\"EntryPoint\",\"urlTemplate\":\"https:\\\/\\\/www.proyectounion.org\\\/?s={search_term_string}\"},\"query-input\":{\"@type\":\"PropertyValueSpecification\",\"valueRequired\":true,\"valueName\":\"search_term_string\"}}],\"inLanguage\":\"de\"},{\"@type\":\"Person\",\"@id\":\"https:\\\/\\\/www.proyectounion.org\\\/#\\\/schema\\\/person\\\/f54d4262058910ca5d6322c847318b9f\",\"name\":\"Maryann Reyes\",\"image\":{\"@type\":\"ImageObject\",\"inLanguage\":\"de\",\"@id\":\"https:\\\/\\\/secure.gravatar.com\\\/avatar\\\/d6b9c019b66dbd8c9f28f6d8414028bd7da484fc057d17b3d0b77c4caf3e710f?s=96&d=mm&r=g\",\"url\":\"https:\\\/\\\/secure.gravatar.com\\\/avatar\\\/d6b9c019b66dbd8c9f28f6d8414028bd7da484fc057d17b3d0b77c4caf3e710f?s=96&d=mm&r=g\",\"contentUrl\":\"https:\\\/\\\/secure.gravatar.com\\\/avatar\\\/d6b9c019b66dbd8c9f28f6d8414028bd7da484fc057d17b3d0b77c4caf3e710f?s=96&d=mm&r=g\",\"caption\":\"Maryann Reyes\"},\"url\":\"https:\\\/\\\/www.proyectounion.org\\\/de\\\/author\\\/maryann\\\/\"}]}<\/script>\n<!-- \/ Yoast SEO plugin. -->","yoast_head_json":{"title":"MIT VOLLER KRAFT IN DIE ZUKUNFT - Fundaci\u00f3n Proyecto Uni\u00f3n","description":"Fundaci\u00f3n Proyecto Uni\u00f3n asiste integralmente a ni\u00f1os con enfermedades de dificil manejo y Abuelitos sin hogar. Un lugar donde la Vida recobra la Esperanza.","robots":{"index":"index","follow":"follow","max-snippet":"max-snippet:-1","max-image-preview":"max-image-preview:large","max-video-preview":"max-video-preview:-1"},"canonical":"https:\/\/www.proyectounion.org\/de\/mit-voller-kraft-in-die-zukunft\/","og_locale":"de_DE","og_type":"article","og_title":"MIT VOLLER KRAFT IN DIE ZUKUNFT - Fundaci\u00f3n Proyecto Uni\u00f3n","og_description":"Fundaci\u00f3n Proyecto Uni\u00f3n asiste integralmente a ni\u00f1os con enfermedades de dificil manejo y Abuelitos sin hogar. Un lugar donde la Vida recobra la Esperanza.","og_url":"https:\/\/www.proyectounion.org\/de\/mit-voller-kraft-in-die-zukunft\/","og_site_name":"Fundaci\u00f3n Proyecto Uni\u00f3n","article_published_time":"2021-08-30T22:18:33+00:00","article_modified_time":"2021-09-14T14:58:13+00:00","og_image":[{"width":400,"height":263,"url":"https:\/\/www.proyectounion.org\/wp-content\/uploads\/2021\/08\/CUMPLEANOS-AGOSTO_00.jpg","type":"image\/jpeg"}],"author":"Maryann Reyes","twitter_misc":{"Verfasst von":"Maryann Reyes","Gesch\u00e4tzte Lesezeit":"3\u00a0Minuten"},"schema":{"@context":"https:\/\/schema.org","@graph":[{"@type":"Article","@id":"https:\/\/www.proyectounion.org\/de\/mit-voller-kraft-in-die-zukunft\/#article","isPartOf":{"@id":"https:\/\/www.proyectounion.org\/de\/mit-voller-kraft-in-die-zukunft\/"},"author":{"name":"Maryann Reyes","@id":"https:\/\/www.proyectounion.org\/#\/schema\/person\/f54d4262058910ca5d6322c847318b9f"},"headline":"MIT VOLLER KRAFT IN DIE ZUKUNFT","datePublished":"2021-08-30T22:18:33+00:00","dateModified":"2021-09-14T14:58:13+00:00","mainEntityOfPage":{"@id":"https:\/\/www.proyectounion.org\/de\/mit-voller-kraft-in-die-zukunft\/"},"wordCount":545,"image":{"@id":"https:\/\/www.proyectounion.org\/de\/mit-voller-kraft-in-die-zukunft\/#primaryimage"},"thumbnailUrl":"https:\/\/www.proyectounion.org\/wp-content\/uploads\/2021\/08\/CUMPLEANOS-AGOSTO_00.jpg","articleSection":["Unkategorisiert"],"inLanguage":"de"},{"@type":"WebPage","@id":"https:\/\/www.proyectounion.org\/de\/mit-voller-kraft-in-die-zukunft\/","url":"https:\/\/www.proyectounion.org\/de\/mit-voller-kraft-in-die-zukunft\/","name":"MIT VOLLER KRAFT IN DIE ZUKUNFT - Fundaci\u00f3n Proyecto Uni\u00f3n","isPartOf":{"@id":"https:\/\/www.proyectounion.org\/#website"},"primaryImageOfPage":{"@id":"https:\/\/www.proyectounion.org\/de\/mit-voller-kraft-in-die-zukunft\/#primaryimage"},"image":{"@id":"https:\/\/www.proyectounion.org\/de\/mit-voller-kraft-in-die-zukunft\/#primaryimage"},"thumbnailUrl":"https:\/\/www.proyectounion.org\/wp-content\/uploads\/2021\/08\/CUMPLEANOS-AGOSTO_00.jpg","datePublished":"2021-08-30T22:18:33+00:00","dateModified":"2021-09-14T14:58:13+00:00","author":{"@id":"https:\/\/www.proyectounion.org\/#\/schema\/person\/f54d4262058910ca5d6322c847318b9f"},"description":"Fundaci\u00f3n Proyecto Uni\u00f3n asiste integralmente a ni\u00f1os con enfermedades de dificil manejo y Abuelitos sin hogar. Un lugar donde la Vida recobra la Esperanza.","breadcrumb":{"@id":"https:\/\/www.proyectounion.org\/de\/mit-voller-kraft-in-die-zukunft\/#breadcrumb"},"inLanguage":"de","potentialAction":[{"@type":"ReadAction","target":["https:\/\/www.proyectounion.org\/de\/mit-voller-kraft-in-die-zukunft\/"]}]},{"@type":"ImageObject","inLanguage":"de","@id":"https:\/\/www.proyectounion.org\/de\/mit-voller-kraft-in-die-zukunft\/#primaryimage","url":"https:\/\/www.proyectounion.org\/wp-content\/uploads\/2021\/08\/CUMPLEANOS-AGOSTO_00.jpg","contentUrl":"https:\/\/www.proyectounion.org\/wp-content\/uploads\/2021\/08\/CUMPLEANOS-AGOSTO_00.jpg","width":400,"height":263},{"@type":"BreadcrumbList","@id":"https:\/\/www.proyectounion.org\/de\/mit-voller-kraft-in-die-zukunft\/#breadcrumb","itemListElement":[{"@type":"ListItem","position":1,"name":"Start","item":"https:\/\/www.proyectounion.org\/de\/"},{"@type":"ListItem","position":2,"name":"MIT VOLLER KRAFT IN DIE ZUKUNFT"}]},{"@type":"WebSite","@id":"https:\/\/www.proyectounion.org\/#website","url":"https:\/\/www.proyectounion.org\/","name":"Fundaci\u00f3n Proyecto Uni\u00f3n","description":"Un lugar donde la vida recobra la esperanza","potentialAction":[{"@type":"SearchAction","target":{"@type":"EntryPoint","urlTemplate":"https:\/\/www.proyectounion.org\/?s={search_term_string}"},"query-input":{"@type":"PropertyValueSpecification","valueRequired":true,"valueName":"search_term_string"}}],"inLanguage":"de"},{"@type":"Person","@id":"https:\/\/www.proyectounion.org\/#\/schema\/person\/f54d4262058910ca5d6322c847318b9f","name":"Maryann Reyes","image":{"@type":"ImageObject","inLanguage":"de","@id":"https:\/\/secure.gravatar.com\/avatar\/d6b9c019b66dbd8c9f28f6d8414028bd7da484fc057d17b3d0b77c4caf3e710f?s=96&d=mm&r=g","url":"https:\/\/secure.gravatar.com\/avatar\/d6b9c019b66dbd8c9f28f6d8414028bd7da484fc057d17b3d0b77c4caf3e710f?s=96&d=mm&r=g","contentUrl":"https:\/\/secure.gravatar.com\/avatar\/d6b9c019b66dbd8c9f28f6d8414028bd7da484fc057d17b3d0b77c4caf3e710f?s=96&d=mm&r=g","caption":"Maryann Reyes"},"url":"https:\/\/www.proyectounion.org\/de\/author\/maryann\/"}]}},"jetpack_featured_media_url":"https:\/\/www.proyectounion.org\/wp-content\/uploads\/2021\/08\/CUMPLEANOS-AGOSTO_00.jpg","jetpack_sharing_enabled":true,"_links":{"self":[{"href":"https:\/\/www.proyectounion.org\/de\/wp-json\/wp\/v2\/posts\/13621","targetHints":{"allow":["GET"]}}],"collection":[{"href":"https:\/\/www.proyectounion.org\/de\/wp-json\/wp\/v2\/posts"}],"about":[{"href":"https:\/\/www.proyectounion.org\/de\/wp-json\/wp\/v2\/types\/post"}],"author":[{"embeddable":true,"href":"https:\/\/www.proyectounion.org\/de\/wp-json\/wp\/v2\/users\/33"}],"replies":[{"embeddable":true,"href":"https:\/\/www.proyectounion.org\/de\/wp-json\/wp\/v2\/comments?post=13621"}],"version-history":[{"count":3,"href":"https:\/\/www.proyectounion.org\/de\/wp-json\/wp\/v2\/posts\/13621\/revisions"}],"predecessor-version":[{"id":13624,"href":"https:\/\/www.proyectounion.org\/de\/wp-json\/wp\/v2\/posts\/13621\/revisions\/13624"}],"wp:featuredmedia":[{"embeddable":true,"href":"https:\/\/www.proyectounion.org\/de\/wp-json\/wp\/v2\/media\/13488"}],"wp:attachment":[{"href":"https:\/\/www.proyectounion.org\/de\/wp-json\/wp\/v2\/media?parent=13621"}],"wp:term":[{"taxonomy":"category","embeddable":true,"href":"https:\/\/www.proyectounion.org\/de\/wp-json\/wp\/v2\/categories?post=13621"},{"taxonomy":"post_tag","embeddable":true,"href":"https:\/\/www.proyectounion.org\/de\/wp-json\/wp\/v2\/tags?post=13621"}],"curies":[{"name":"wp","href":"https:\/\/api.w.org\/{rel}","templated":true}]}}