{"id":13609,"date":"2021-08-27T11:48:08","date_gmt":"2021-08-27T16:48:08","guid":{"rendered":"https:\/\/www.proyectounion.org\/grandparents-on-the-street-matter\/"},"modified":"2021-09-14T09:51:45","modified_gmt":"2021-09-14T14:51:45","slug":"obdachlose-senioren-sind-wichtig","status":"publish","type":"post","link":"https:\/\/www.proyectounion.org\/de\/obdachlose-senioren-sind-wichtig\/","title":{"rendered":"OBDACHLOSE SENIOREN SIND WICHTIG"},"content":{"rendered":"[vc_row type=&#8220;in_container&#8220; full_screen_row_position=&#8220;middle&#8220; scene_position=&#8220;center&#8220; text_color=&#8220;dark&#8220; text_align=&#8220;left&#8220; overlay_strength=&#8220;0.3&#8243; shape_divider_position=&#8220;bottom&#8220; bg_image_animation=&#8220;none&#8220;][vc_column column_padding=&#8220;no-extra-padding&#8220; column_padding_position=&#8220;all&#8220; background_color_opacity=&#8220;1&#8243; background_hover_color_opacity=&#8220;1&#8243; column_link_target=&#8220;_self&#8220; column_shadow=&#8220;none&#8220; column_border_radius=&#8220;none&#8220; width=&#8220;1\/3&#8243; tablet_width_inherit=&#8220;default&#8220; tablet_text_alignment=&#8220;default&#8220; phone_text_alignment=&#8220;default&#8220; column_border_width=&#8220;none&#8220; column_border_style=&#8220;solid&#8220; bg_image_animation=&#8220;none&#8220;][image_with_animation image_url=&#8220;13466&#8243; alignment=&#8220;center&#8220; animation=&#8220;Fade In&#8220; img_link_large=&#8220;yes&#8220; border_radius=&#8220;none&#8220; box_shadow=&#8220;none&#8220; max_width=&#8220;100%&#8220;][divider line_type=&#8220;No Line&#8220; custom_height=&#8220;20&#8243;][vc_gallery type=&#8220;image_grid&#8220; images=&#8220;13472,13453,13456,13462&#8243; layout=&#8220;4&#8243; item_spacing=&#8220;default&#8220; gallery_style=&#8220;7&#8243; load_in_animation=&#8220;none&#8220;][\/vc_column][vc_column column_padding=&#8220;no-extra-padding&#8220; column_padding_position=&#8220;all&#8220; background_color_opacity=&#8220;1&#8243; background_hover_color_opacity=&#8220;1&#8243; column_link_target=&#8220;_self&#8220; column_shadow=&#8220;none&#8220; column_border_radius=&#8220;none&#8220; width=&#8220;2\/3&#8243; tablet_width_inherit=&#8220;default&#8220; tablet_text_alignment=&#8220;default&#8220; phone_text_alignment=&#8220;default&#8220; column_border_width=&#8220;none&#8220; column_border_style=&#8220;solid&#8220; bg_image_animation=&#8220;none&#8220;][vc_column_text]\n<p style=\"text-align: justify;\">Am vergangenen Wochenende wurde in Kolumbien der Gro\u00dfelterntag gefeiert, ein Tag, an dem man sich an die Gro\u00dfeltern erinnert und die Bedeutung der Gro\u00dfeltern f\u00fcr die Gesellschaft hervorhebt, vor allem, wenn viele von ihnen diskriminiert werden und allein, mittellos und auf der Stra\u00dfe leben, um Almosen zu erhalten. F\u00fcr die Stiftung Proyecto Uni\u00f3n wird dieses Datum an jedem Tag des Jahres begangen, an dem wir ihnen dank der Zusammenarbeit mit unseren Spenderengeln ein warmes Essen im &#8222;Comedor Mar\u00eda es mi Madre&#8220; und ein w\u00fcrdiges Zimmer mit einem sauberen Bett und einem Bad zur Verf\u00fcgung stellen k\u00f6nnen, damit sie die Nacht vor der K\u00e4lte gesch\u00fctzt in der &#8222;Casa de la Esperanza&#8220; (Haus der Hoffnung) verbringen k\u00f6nnen.<br \/>\nUnsere Stiftung hat es sich zur Aufgabe gemacht, jeden Tag aufzustehen, um Menschen in prek\u00e4ren Verh\u00e4ltnissen wieder Hoffnung zu geben. Deshalb stehen durchschnittlich 120 \u00e4ltere Erwachsene, die auf der Stra\u00dfe gelandet sind, jeden Tag fr\u00fch auf, um ihr t\u00e4gliches Fr\u00fchst\u00fcck und Mittagessen in unserem Gemeinschaftsspeisesaal im Zentrum der Hauptstadt zu erhalten. Heute \u00fcberraschten Amanda, Nadia und Rosy, eine Gruppe von freiwilligen Engeln, die seit Jahren mit ihrer Freundlichkeit und Zuneigung f\u00fcr diese Bev\u00f6lkerung pr\u00e4sent sind, sie mit Arepa, hei\u00dfer Schokolade, K\u00e4se, Kuchen und Brot, um die Gro\u00dfeltern daran zu erinnern, dass sie immer besondere und wichtige Wesen f\u00fcr unsere Gesellschaft sein werden.<br \/>\nEine Umarmung, ein L\u00e4cheln oder einfach nur die Begr\u00fc\u00dfung wird f\u00fcr sie zu einem Zeichen der Zuneigung. Deshalb m\u00f6chten wir heute unseren Spenderengeln und Freiwilligen daf\u00fcr danken, dass sie die Erf\u00fcllung unseres Auftrags erleichtern und unseren Gro\u00dfeltern Gef\u00fchle der Liebe, des Verst\u00e4ndnisses und der Solidarit\u00e4t vermitteln, die in ihren Herzen unausl\u00f6schliche Spuren hinterlassen.<\/p>\n[\/vc_column_text][\/vc_column][\/vc_row]\n","protected":false},"excerpt":{"rendered":"<p>[vc_row type=&#8220;in_container&#8220; full_screen_row_position=&#8220;middle&#8220; scene_position=&#8220;center&#8220; text_color=&#8220;dark&#8220; text_align=&#8220;left&#8220; overlay_strength=&#8220;0.3&#8243; shape_divider_position=&#8220;bottom&#8220; bg_image_animation=&#8220;none&#8220;][vc_column column_padding=&#8220;no-extra-padding&#8220; column_padding_position=&#8220;all&#8220; background_color_opacity=&#8220;1&#8243; background_hover_color_opacity=&#8220;1&#8243; column_link_target=&#8220;_self&#8220; column_shadow=&#8220;none&#8220; column_border_radius=&#8220;none&#8220; width=&#8220;1\/3&#8243; tablet_width_inherit=&#8220;default&#8220; tablet_text_alignment=&#8220;default&#8220; phone_text_alignment=&#8220;default&#8220; column_border_width=&#8220;none&#8220; column_border_style=&#8220;solid&#8220; bg_image_animation=&#8220;none&#8220;][image_with_animation image_url=&#8220;13466&#8243; alignment=&#8220;center&#8220; animation=&#8220;Fade In&#8220; img_link_large=&#8220;yes&#8220; border_radius=&#8220;none&#8220; box_shadow=&#8220;none&#8220;&#8230;<\/p>\n","protected":false},"author":33,"featured_media":13468,"comment_status":"closed","ping_status":"closed","sticky":false,"template":"","format":"standard","meta":{"_jetpack_memberships_contains_paid_content":false,"footnotes":""},"categories":[84],"tags":[],"class_list":{"0":"post-13609","1":"post","2":"type-post","3":"status-publish","4":"format-standard","5":"has-post-thumbnail","7":"category-unkategorisiert"},"yoast_head":"<!-- This site is optimized with the Yoast SEO plugin v27.5 - https:\/\/yoast.com\/product\/yoast-seo-wordpress\/ -->\n<title>OBDACHLOSE SENIOREN SIND WICHTIG - Fundaci\u00f3n Proyecto Uni\u00f3n<\/title>\n<meta name=\"description\" content=\"Fundaci\u00f3n Proyecto Uni\u00f3n asiste integralmente a ni\u00f1os con enfermedades de dificil manejo y Abuelitos sin hogar. Un lugar donde la Vida recobra la Esperanza.\" \/>\n<meta name=\"robots\" content=\"index, follow, max-snippet:-1, max-image-preview:large, max-video-preview:-1\" \/>\n<link rel=\"canonical\" href=\"https:\/\/www.proyectounion.org\/de\/obdachlose-senioren-sind-wichtig\/\" \/>\n<meta property=\"og:locale\" content=\"de_DE\" \/>\n<meta property=\"og:type\" content=\"article\" \/>\n<meta property=\"og:title\" content=\"OBDACHLOSE SENIOREN SIND WICHTIG - Fundaci\u00f3n Proyecto Uni\u00f3n\" \/>\n<meta property=\"og:description\" content=\"Fundaci\u00f3n Proyecto Uni\u00f3n asiste integralmente a ni\u00f1os con enfermedades de dificil manejo y Abuelitos sin hogar. Un lugar donde la Vida recobra la Esperanza.\" \/>\n<meta property=\"og:url\" content=\"https:\/\/www.proyectounion.org\/de\/obdachlose-senioren-sind-wichtig\/\" \/>\n<meta property=\"og:site_name\" content=\"Fundaci\u00f3n Proyecto Uni\u00f3n\" \/>\n<meta property=\"article:published_time\" content=\"2021-08-27T16:48:08+00:00\" \/>\n<meta property=\"article:modified_time\" content=\"2021-09-14T14:51:45+00:00\" \/>\n<meta property=\"og:image\" content=\"https:\/\/www.proyectounion.org\/wp-content\/uploads\/2021\/08\/La-importancia-de-os-abuelos.jpg\" \/>\n\t<meta property=\"og:image:width\" content=\"400\" \/>\n\t<meta property=\"og:image:height\" content=\"263\" \/>\n\t<meta property=\"og:image:type\" content=\"image\/jpeg\" \/>\n<meta name=\"author\" content=\"Maryann Reyes\" \/>\n<meta name=\"twitter:label1\" content=\"Verfasst von\" \/>\n\t<meta name=\"twitter:data1\" content=\"Maryann Reyes\" \/>\n\t<meta name=\"twitter:label2\" content=\"Gesch\u00e4tzte Lesezeit\" \/>\n\t<meta name=\"twitter:data2\" content=\"2\u00a0Minuten\" \/>\n<script type=\"application\/ld+json\" class=\"yoast-schema-graph\">{\"@context\":\"https:\\\/\\\/schema.org\",\"@graph\":[{\"@type\":\"Article\",\"@id\":\"https:\\\/\\\/www.proyectounion.org\\\/de\\\/obdachlose-senioren-sind-wichtig\\\/#article\",\"isPartOf\":{\"@id\":\"https:\\\/\\\/www.proyectounion.org\\\/de\\\/obdachlose-senioren-sind-wichtig\\\/\"},\"author\":{\"name\":\"Maryann Reyes\",\"@id\":\"https:\\\/\\\/www.proyectounion.org\\\/#\\\/schema\\\/person\\\/f54d4262058910ca5d6322c847318b9f\"},\"headline\":\"OBDACHLOSE SENIOREN SIND WICHTIG\",\"datePublished\":\"2021-08-27T16:48:08+00:00\",\"dateModified\":\"2021-09-14T14:51:45+00:00\",\"mainEntityOfPage\":{\"@id\":\"https:\\\/\\\/www.proyectounion.org\\\/de\\\/obdachlose-senioren-sind-wichtig\\\/\"},\"wordCount\":502,\"image\":{\"@id\":\"https:\\\/\\\/www.proyectounion.org\\\/de\\\/obdachlose-senioren-sind-wichtig\\\/#primaryimage\"},\"thumbnailUrl\":\"https:\\\/\\\/www.proyectounion.org\\\/wp-content\\\/uploads\\\/2021\\\/08\\\/La-importancia-de-os-abuelos.jpg\",\"articleSection\":[\"Unkategorisiert\"],\"inLanguage\":\"de\"},{\"@type\":\"WebPage\",\"@id\":\"https:\\\/\\\/www.proyectounion.org\\\/de\\\/obdachlose-senioren-sind-wichtig\\\/\",\"url\":\"https:\\\/\\\/www.proyectounion.org\\\/de\\\/obdachlose-senioren-sind-wichtig\\\/\",\"name\":\"OBDACHLOSE SENIOREN SIND WICHTIG - Fundaci\u00f3n Proyecto Uni\u00f3n\",\"isPartOf\":{\"@id\":\"https:\\\/\\\/www.proyectounion.org\\\/#website\"},\"primaryImageOfPage\":{\"@id\":\"https:\\\/\\\/www.proyectounion.org\\\/de\\\/obdachlose-senioren-sind-wichtig\\\/#primaryimage\"},\"image\":{\"@id\":\"https:\\\/\\\/www.proyectounion.org\\\/de\\\/obdachlose-senioren-sind-wichtig\\\/#primaryimage\"},\"thumbnailUrl\":\"https:\\\/\\\/www.proyectounion.org\\\/wp-content\\\/uploads\\\/2021\\\/08\\\/La-importancia-de-os-abuelos.jpg\",\"datePublished\":\"2021-08-27T16:48:08+00:00\",\"dateModified\":\"2021-09-14T14:51:45+00:00\",\"author\":{\"@id\":\"https:\\\/\\\/www.proyectounion.org\\\/#\\\/schema\\\/person\\\/f54d4262058910ca5d6322c847318b9f\"},\"description\":\"Fundaci\u00f3n Proyecto Uni\u00f3n asiste integralmente a ni\u00f1os con enfermedades de dificil manejo y Abuelitos sin hogar. Un lugar donde la Vida recobra la Esperanza.\",\"breadcrumb\":{\"@id\":\"https:\\\/\\\/www.proyectounion.org\\\/de\\\/obdachlose-senioren-sind-wichtig\\\/#breadcrumb\"},\"inLanguage\":\"de\",\"potentialAction\":[{\"@type\":\"ReadAction\",\"target\":[\"https:\\\/\\\/www.proyectounion.org\\\/de\\\/obdachlose-senioren-sind-wichtig\\\/\"]}]},{\"@type\":\"ImageObject\",\"inLanguage\":\"de\",\"@id\":\"https:\\\/\\\/www.proyectounion.org\\\/de\\\/obdachlose-senioren-sind-wichtig\\\/#primaryimage\",\"url\":\"https:\\\/\\\/www.proyectounion.org\\\/wp-content\\\/uploads\\\/2021\\\/08\\\/La-importancia-de-os-abuelos.jpg\",\"contentUrl\":\"https:\\\/\\\/www.proyectounion.org\\\/wp-content\\\/uploads\\\/2021\\\/08\\\/La-importancia-de-os-abuelos.jpg\",\"width\":400,\"height\":263},{\"@type\":\"BreadcrumbList\",\"@id\":\"https:\\\/\\\/www.proyectounion.org\\\/de\\\/obdachlose-senioren-sind-wichtig\\\/#breadcrumb\",\"itemListElement\":[{\"@type\":\"ListItem\",\"position\":1,\"name\":\"Start\",\"item\":\"https:\\\/\\\/www.proyectounion.org\\\/de\\\/\"},{\"@type\":\"ListItem\",\"position\":2,\"name\":\"OBDACHLOSE SENIOREN SIND WICHTIG\"}]},{\"@type\":\"WebSite\",\"@id\":\"https:\\\/\\\/www.proyectounion.org\\\/#website\",\"url\":\"https:\\\/\\\/www.proyectounion.org\\\/\",\"name\":\"Fundaci\u00f3n Proyecto Uni\u00f3n\",\"description\":\"Un lugar donde la vida recobra la esperanza\",\"potentialAction\":[{\"@type\":\"SearchAction\",\"target\":{\"@type\":\"EntryPoint\",\"urlTemplate\":\"https:\\\/\\\/www.proyectounion.org\\\/?s={search_term_string}\"},\"query-input\":{\"@type\":\"PropertyValueSpecification\",\"valueRequired\":true,\"valueName\":\"search_term_string\"}}],\"inLanguage\":\"de\"},{\"@type\":\"Person\",\"@id\":\"https:\\\/\\\/www.proyectounion.org\\\/#\\\/schema\\\/person\\\/f54d4262058910ca5d6322c847318b9f\",\"name\":\"Maryann Reyes\",\"image\":{\"@type\":\"ImageObject\",\"inLanguage\":\"de\",\"@id\":\"https:\\\/\\\/secure.gravatar.com\\\/avatar\\\/d6b9c019b66dbd8c9f28f6d8414028bd7da484fc057d17b3d0b77c4caf3e710f?s=96&d=mm&r=g\",\"url\":\"https:\\\/\\\/secure.gravatar.com\\\/avatar\\\/d6b9c019b66dbd8c9f28f6d8414028bd7da484fc057d17b3d0b77c4caf3e710f?s=96&d=mm&r=g\",\"contentUrl\":\"https:\\\/\\\/secure.gravatar.com\\\/avatar\\\/d6b9c019b66dbd8c9f28f6d8414028bd7da484fc057d17b3d0b77c4caf3e710f?s=96&d=mm&r=g\",\"caption\":\"Maryann Reyes\"},\"url\":\"https:\\\/\\\/www.proyectounion.org\\\/de\\\/author\\\/maryann\\\/\"}]}<\/script>\n<!-- \/ Yoast SEO plugin. -->","yoast_head_json":{"title":"OBDACHLOSE SENIOREN SIND WICHTIG - Fundaci\u00f3n Proyecto Uni\u00f3n","description":"Fundaci\u00f3n Proyecto Uni\u00f3n asiste integralmente a ni\u00f1os con enfermedades de dificil manejo y Abuelitos sin hogar. Un lugar donde la Vida recobra la Esperanza.","robots":{"index":"index","follow":"follow","max-snippet":"max-snippet:-1","max-image-preview":"max-image-preview:large","max-video-preview":"max-video-preview:-1"},"canonical":"https:\/\/www.proyectounion.org\/de\/obdachlose-senioren-sind-wichtig\/","og_locale":"de_DE","og_type":"article","og_title":"OBDACHLOSE SENIOREN SIND WICHTIG - Fundaci\u00f3n Proyecto Uni\u00f3n","og_description":"Fundaci\u00f3n Proyecto Uni\u00f3n asiste integralmente a ni\u00f1os con enfermedades de dificil manejo y Abuelitos sin hogar. Un lugar donde la Vida recobra la Esperanza.","og_url":"https:\/\/www.proyectounion.org\/de\/obdachlose-senioren-sind-wichtig\/","og_site_name":"Fundaci\u00f3n Proyecto Uni\u00f3n","article_published_time":"2021-08-27T16:48:08+00:00","article_modified_time":"2021-09-14T14:51:45+00:00","og_image":[{"width":400,"height":263,"url":"https:\/\/www.proyectounion.org\/wp-content\/uploads\/2021\/08\/La-importancia-de-os-abuelos.jpg","type":"image\/jpeg"}],"author":"Maryann Reyes","twitter_misc":{"Verfasst von":"Maryann Reyes","Gesch\u00e4tzte Lesezeit":"2\u00a0Minuten"},"schema":{"@context":"https:\/\/schema.org","@graph":[{"@type":"Article","@id":"https:\/\/www.proyectounion.org\/de\/obdachlose-senioren-sind-wichtig\/#article","isPartOf":{"@id":"https:\/\/www.proyectounion.org\/de\/obdachlose-senioren-sind-wichtig\/"},"author":{"name":"Maryann Reyes","@id":"https:\/\/www.proyectounion.org\/#\/schema\/person\/f54d4262058910ca5d6322c847318b9f"},"headline":"OBDACHLOSE SENIOREN SIND WICHTIG","datePublished":"2021-08-27T16:48:08+00:00","dateModified":"2021-09-14T14:51:45+00:00","mainEntityOfPage":{"@id":"https:\/\/www.proyectounion.org\/de\/obdachlose-senioren-sind-wichtig\/"},"wordCount":502,"image":{"@id":"https:\/\/www.proyectounion.org\/de\/obdachlose-senioren-sind-wichtig\/#primaryimage"},"thumbnailUrl":"https:\/\/www.proyectounion.org\/wp-content\/uploads\/2021\/08\/La-importancia-de-os-abuelos.jpg","articleSection":["Unkategorisiert"],"inLanguage":"de"},{"@type":"WebPage","@id":"https:\/\/www.proyectounion.org\/de\/obdachlose-senioren-sind-wichtig\/","url":"https:\/\/www.proyectounion.org\/de\/obdachlose-senioren-sind-wichtig\/","name":"OBDACHLOSE SENIOREN SIND WICHTIG - Fundaci\u00f3n Proyecto Uni\u00f3n","isPartOf":{"@id":"https:\/\/www.proyectounion.org\/#website"},"primaryImageOfPage":{"@id":"https:\/\/www.proyectounion.org\/de\/obdachlose-senioren-sind-wichtig\/#primaryimage"},"image":{"@id":"https:\/\/www.proyectounion.org\/de\/obdachlose-senioren-sind-wichtig\/#primaryimage"},"thumbnailUrl":"https:\/\/www.proyectounion.org\/wp-content\/uploads\/2021\/08\/La-importancia-de-os-abuelos.jpg","datePublished":"2021-08-27T16:48:08+00:00","dateModified":"2021-09-14T14:51:45+00:00","author":{"@id":"https:\/\/www.proyectounion.org\/#\/schema\/person\/f54d4262058910ca5d6322c847318b9f"},"description":"Fundaci\u00f3n Proyecto Uni\u00f3n asiste integralmente a ni\u00f1os con enfermedades de dificil manejo y Abuelitos sin hogar. Un lugar donde la Vida recobra la Esperanza.","breadcrumb":{"@id":"https:\/\/www.proyectounion.org\/de\/obdachlose-senioren-sind-wichtig\/#breadcrumb"},"inLanguage":"de","potentialAction":[{"@type":"ReadAction","target":["https:\/\/www.proyectounion.org\/de\/obdachlose-senioren-sind-wichtig\/"]}]},{"@type":"ImageObject","inLanguage":"de","@id":"https:\/\/www.proyectounion.org\/de\/obdachlose-senioren-sind-wichtig\/#primaryimage","url":"https:\/\/www.proyectounion.org\/wp-content\/uploads\/2021\/08\/La-importancia-de-os-abuelos.jpg","contentUrl":"https:\/\/www.proyectounion.org\/wp-content\/uploads\/2021\/08\/La-importancia-de-os-abuelos.jpg","width":400,"height":263},{"@type":"BreadcrumbList","@id":"https:\/\/www.proyectounion.org\/de\/obdachlose-senioren-sind-wichtig\/#breadcrumb","itemListElement":[{"@type":"ListItem","position":1,"name":"Start","item":"https:\/\/www.proyectounion.org\/de\/"},{"@type":"ListItem","position":2,"name":"OBDACHLOSE SENIOREN SIND WICHTIG"}]},{"@type":"WebSite","@id":"https:\/\/www.proyectounion.org\/#website","url":"https:\/\/www.proyectounion.org\/","name":"Fundaci\u00f3n Proyecto Uni\u00f3n","description":"Un lugar donde la vida recobra la esperanza","potentialAction":[{"@type":"SearchAction","target":{"@type":"EntryPoint","urlTemplate":"https:\/\/www.proyectounion.org\/?s={search_term_string}"},"query-input":{"@type":"PropertyValueSpecification","valueRequired":true,"valueName":"search_term_string"}}],"inLanguage":"de"},{"@type":"Person","@id":"https:\/\/www.proyectounion.org\/#\/schema\/person\/f54d4262058910ca5d6322c847318b9f","name":"Maryann Reyes","image":{"@type":"ImageObject","inLanguage":"de","@id":"https:\/\/secure.gravatar.com\/avatar\/d6b9c019b66dbd8c9f28f6d8414028bd7da484fc057d17b3d0b77c4caf3e710f?s=96&d=mm&r=g","url":"https:\/\/secure.gravatar.com\/avatar\/d6b9c019b66dbd8c9f28f6d8414028bd7da484fc057d17b3d0b77c4caf3e710f?s=96&d=mm&r=g","contentUrl":"https:\/\/secure.gravatar.com\/avatar\/d6b9c019b66dbd8c9f28f6d8414028bd7da484fc057d17b3d0b77c4caf3e710f?s=96&d=mm&r=g","caption":"Maryann Reyes"},"url":"https:\/\/www.proyectounion.org\/de\/author\/maryann\/"}]}},"jetpack_featured_media_url":"https:\/\/www.proyectounion.org\/wp-content\/uploads\/2021\/08\/La-importancia-de-os-abuelos.jpg","jetpack_sharing_enabled":true,"_links":{"self":[{"href":"https:\/\/www.proyectounion.org\/de\/wp-json\/wp\/v2\/posts\/13609","targetHints":{"allow":["GET"]}}],"collection":[{"href":"https:\/\/www.proyectounion.org\/de\/wp-json\/wp\/v2\/posts"}],"about":[{"href":"https:\/\/www.proyectounion.org\/de\/wp-json\/wp\/v2\/types\/post"}],"author":[{"embeddable":true,"href":"https:\/\/www.proyectounion.org\/de\/wp-json\/wp\/v2\/users\/33"}],"replies":[{"embeddable":true,"href":"https:\/\/www.proyectounion.org\/de\/wp-json\/wp\/v2\/comments?post=13609"}],"version-history":[{"count":3,"href":"https:\/\/www.proyectounion.org\/de\/wp-json\/wp\/v2\/posts\/13609\/revisions"}],"predecessor-version":[{"id":13612,"href":"https:\/\/www.proyectounion.org\/de\/wp-json\/wp\/v2\/posts\/13609\/revisions\/13612"}],"wp:featuredmedia":[{"embeddable":true,"href":"https:\/\/www.proyectounion.org\/de\/wp-json\/wp\/v2\/media\/13468"}],"wp:attachment":[{"href":"https:\/\/www.proyectounion.org\/de\/wp-json\/wp\/v2\/media?parent=13609"}],"wp:term":[{"taxonomy":"category","embeddable":true,"href":"https:\/\/www.proyectounion.org\/de\/wp-json\/wp\/v2\/categories?post=13609"},{"taxonomy":"post_tag","embeddable":true,"href":"https:\/\/www.proyectounion.org\/de\/wp-json\/wp\/v2\/tags?post=13609"}],"curies":[{"name":"wp","href":"https:\/\/api.w.org\/{rel}","templated":true}]}}